{"id":10156,"date":"2021-05-26T08:28:00","date_gmt":"2021-05-26T08:28:00","guid":{"rendered":"http:\/\/umbertoboschi.it\/non-classifiee\/umberto-boschi-recoit-la-candelora-attestation-du-merite-civique\/"},"modified":"2026-04-29T08:32:24","modified_gmt":"2026-04-29T08:32:24","slug":"umberto-boschi-recoit-la-candelora-attestation-du-merite-civique","status":"publish","type":"post","link":"https:\/\/umbertoboschi.it\/fr\/news-fr\/umberto-boschi-recoit-la-candelora-attestation-du-merite-civique\/","title":{"rendered":"Umberto Boschi re\u00e7oit \u201cLa Candelora\u201d, Attestation du m\u00e9rite civique"},"content":{"rendered":"\t\t<div data-elementor-type=\"wp-post\" data-elementor-id=\"10156\" class=\"elementor elementor-10156 elementor-1251\" data-elementor-post-type=\"post\">\n\t\t\t\t\t\t<section class=\"elementor-section elementor-top-section elementor-element elementor-element-c18117a elementor-section-boxed elementor-section-height-default elementor-section-height-default\" data-id=\"c18117a\" data-element_type=\"section\" data-settings=\"{&quot;jet_parallax_layout_list&quot;:[{&quot;jet_parallax_layout_image&quot;:{&quot;url&quot;:&quot;&quot;,&quot;id&quot;:&quot;&quot;,&quot;size&quot;:&quot;&quot;},&quot;_id&quot;:&quot;1c0a1eb&quot;,&quot;jet_parallax_layout_image_widescreen&quot;:{&quot;url&quot;:&quot;&quot;,&quot;id&quot;:&quot;&quot;,&quot;size&quot;:&quot;&quot;},&quot;jet_parallax_layout_image_laptop&quot;:{&quot;url&quot;:&quot;&quot;,&quot;id&quot;:&quot;&quot;,&quot;size&quot;:&quot;&quot;},&quot;jet_parallax_layout_image_tablet&quot;:{&quot;url&quot;:&quot;&quot;,&quot;id&quot;:&quot;&quot;,&quot;size&quot;:&quot;&quot;},&quot;jet_parallax_layout_image_mobile&quot;:{&quot;url&quot;:&quot;&quot;,&quot;id&quot;:&quot;&quot;,&quot;size&quot;:&quot;&quot;},&quot;jet_parallax_layout_speed&quot;:{&quot;unit&quot;:&quot;%&quot;,&quot;size&quot;:50,&quot;sizes&quot;:[]},&quot;jet_parallax_layout_type&quot;:&quot;scroll&quot;,&quot;jet_parallax_layout_direction&quot;:&quot;1&quot;,&quot;jet_parallax_layout_fx_direction&quot;:null,&quot;jet_parallax_layout_z_index&quot;:&quot;&quot;,&quot;jet_parallax_layout_bg_x&quot;:50,&quot;jet_parallax_layout_bg_x_widescreen&quot;:&quot;&quot;,&quot;jet_parallax_layout_bg_x_laptop&quot;:&quot;&quot;,&quot;jet_parallax_layout_bg_x_tablet&quot;:&quot;&quot;,&quot;jet_parallax_layout_bg_x_mobile&quot;:&quot;&quot;,&quot;jet_parallax_layout_bg_y&quot;:50,&quot;jet_parallax_layout_bg_y_widescreen&quot;:&quot;&quot;,&quot;jet_parallax_layout_bg_y_laptop&quot;:&quot;&quot;,&quot;jet_parallax_layout_bg_y_tablet&quot;:&quot;&quot;,&quot;jet_parallax_layout_bg_y_mobile&quot;:&quot;&quot;,&quot;jet_parallax_layout_bg_size&quot;:&quot;auto&quot;,&quot;jet_parallax_layout_bg_size_widescreen&quot;:&quot;&quot;,&quot;jet_parallax_layout_bg_size_laptop&quot;:&quot;&quot;,&quot;jet_parallax_layout_bg_size_tablet&quot;:&quot;&quot;,&quot;jet_parallax_layout_bg_size_mobile&quot;:&quot;&quot;,&quot;jet_parallax_layout_animation_prop&quot;:&quot;transform&quot;,&quot;jet_parallax_layout_on&quot;:[&quot;desktop&quot;,&quot;tablet&quot;]}]}\">\n\t\t\t\t\t\t<div class=\"elementor-container elementor-column-gap-default\">\n\t\t\t\t\t<div class=\"elementor-column elementor-col-100 elementor-top-column elementor-element elementor-element-dd394e0\" data-id=\"dd394e0\" data-element_type=\"column\">\n\t\t\t<div class=\"elementor-widget-wrap elementor-element-populated\">\n\t\t\t\t\t\t<div class=\"elementor-element elementor-element-861c3c8 elementor-widget elementor-widget-text-editor\" data-id=\"861c3c8\" data-element_type=\"widget\" data-widget_type=\"text-editor.default\">\n\t\t\t\t<div class=\"elementor-widget-container\">\n\t\t\t\t\t\t\t\t\t<p>L&rsquo;\u00e9v\u00e8nement, organis\u00e9 par l&rsquo;<strong>Associazione Culturale Filinum<\/strong>, vise \u00e0 mettre en valeur les personnes, les organismes ou les associations ayant des m\u00e9rites particuliers dans le domaine des sciences, des lettres, des arts, de l&rsquo;industrie, du sport ou de la bienfaisance. La remise des prix est effectu\u00e9e en d\u00e9cernant une <strong>Attestation de m\u00e9rite civique<\/strong> aux citoyens qui se sont distingu\u00e9s par des activit\u00e9s ou des gestes de mise en valeur de la communaut\u00e9.<\/p><p>Nous sommes fiers de vous communiquer que parmi les laur\u00e9ats du prix La Candelora de cette ann\u00e9e figure aussi Umberto Boschi, pr\u00e9sident et PDG de notre entreprise, qui de par son activit\u00e9 <strong>\u201ca export\u00e9 dans le monde entier le Salame di Felino, excellence gastronomique du terroir\u201d.<\/strong><\/p><p>Une reconnaissance qui repr\u00e9sente non seulement la passion pour notre travail, mais aussi le lien entre l&rsquo;entreprise et son terroir: c&rsquo;est en effet \u00e0 Felino que l&rsquo;entreprise Cavalier Umberto Boschi a \u00e9t\u00e9 fond\u00e9e il y a presque cent ans.\u00a0<\/p>\t\t\t\t\t\t\t\t<\/div>\n\t\t\t\t<\/div>\n\t\t\t\t\t<\/div>\n\t\t<\/div>\n\t\t\t\t\t<\/div>\n\t\t<\/section>\n\t\t\t\t<\/div>\n\t\t","protected":false},"excerpt":{"rendered":"<p>Une salle bond\u00e9e de personnes a assist\u00e9 enthousiaste \u00e0 la 4e \u00e9dition du Prix \u00ab\u00a0La Candelora\u00a0\u00bb qui s&rsquo;est tenue au Cinema Teatro Comunale de la ville de Felino.<\/p>\n","protected":false},"author":1,"featured_media":1255,"comment_status":"closed","ping_status":"open","sticky":false,"template":"","format":"standard","meta":{"footnotes":""},"categories":[128],"tags":[],"class_list":["post-10156","post","type-post","status-publish","format-standard","has-post-thumbnail","hentry","category-news-fr"],"yoast_head":"<!-- This site is optimized with the Yoast SEO plugin v27.5 - https:\/\/yoast.com\/product\/yoast-seo-wordpress\/ -->\n<title>Umberto Boschi re\u00e7oit \u201cLa Candelora\u201d, Attestation du m\u00e9rite civique - Cavalier Umberto Boschi<\/title>\n<meta name=\"robots\" content=\"index, follow, max-snippet:-1, max-image-preview:large, max-video-preview:-1\" \/>\n<link rel=\"canonical\" href=\"https:\/\/umbertoboschi.it\/fr\/news-fr\/umberto-boschi-recoit-la-candelora-attestation-du-merite-civique\/\" \/>\n<meta property=\"og:locale\" content=\"fr_FR\" \/>\n<meta property=\"og:type\" content=\"article\" \/>\n<meta property=\"og:title\" content=\"Umberto Boschi re\u00e7oit \u201cLa Candelora\u201d, Attestation du m\u00e9rite civique - Cavalier Umberto Boschi\" \/>\n<meta property=\"og:description\" content=\"Une salle bond\u00e9e de personnes a assist\u00e9 enthousiaste \u00e0 la 4e \u00e9dition du Prix &quot;La Candelora&quot; qui s&#039;est tenue au Cinema Teatro Comunale de la ville de Felino.\" \/>\n<meta property=\"og:url\" content=\"https:\/\/umbertoboschi.it\/fr\/news-fr\/umberto-boschi-recoit-la-candelora-attestation-du-merite-civique\/\" \/>\n<meta property=\"og:site_name\" content=\"Cavalier Umberto Boschi\" \/>\n<meta property=\"article:published_time\" content=\"2021-05-26T08:28:00+00:00\" \/>\n<meta property=\"article:modified_time\" content=\"2026-04-29T08:32:24+00:00\" \/>\n<meta property=\"og:image\" content=\"http:\/\/umbertoboschi.it\/wp-content\/uploads\/2021\/05\/featured_news_candelora.jpg\" \/>\n\t<meta property=\"og:image:width\" content=\"720\" \/>\n\t<meta property=\"og:image:height\" content=\"960\" \/>\n\t<meta property=\"og:image:type\" content=\"image\/jpeg\" \/>\n<meta name=\"author\" content=\"qreactive\" \/>\n<meta name=\"twitter:card\" content=\"summary_large_image\" \/>\n<meta name=\"twitter:label1\" content=\"\u00c9crit par\" \/>\n\t<meta name=\"twitter:data1\" content=\"qreactive\" \/>\n\t<meta name=\"twitter:label2\" content=\"Dur\u00e9e de lecture estim\u00e9e\" \/>\n\t<meta name=\"twitter:data2\" content=\"2 minutes\" \/>\n<script type=\"application\/ld+json\" class=\"yoast-schema-graph\">{\"@context\":\"https:\\\/\\\/schema.org\",\"@graph\":[{\"@type\":\"Article\",\"@id\":\"https:\\\/\\\/umbertoboschi.it\\\/fr\\\/news-fr\\\/umberto-boschi-recoit-la-candelora-attestation-du-merite-civique\\\/#article\",\"isPartOf\":{\"@id\":\"https:\\\/\\\/umbertoboschi.it\\\/fr\\\/news-fr\\\/umberto-boschi-recoit-la-candelora-attestation-du-merite-civique\\\/\"},\"author\":{\"name\":\"qreactive\",\"@id\":\"https:\\\/\\\/umbertoboschi.it\\\/#\\\/schema\\\/person\\\/3c7d1879bd59797b080223f0ebd87e82\"},\"headline\":\"Umberto Boschi re\u00e7oit \u201cLa Candelora\u201d, Attestation du m\u00e9rite civique\",\"datePublished\":\"2021-05-26T08:28:00+00:00\",\"dateModified\":\"2026-04-29T08:32:24+00:00\",\"mainEntityOfPage\":{\"@id\":\"https:\\\/\\\/umbertoboschi.it\\\/fr\\\/news-fr\\\/umberto-boschi-recoit-la-candelora-attestation-du-merite-civique\\\/\"},\"wordCount\":183,\"publisher\":{\"@id\":\"https:\\\/\\\/umbertoboschi.it\\\/#organization\"},\"image\":{\"@id\":\"https:\\\/\\\/umbertoboschi.it\\\/fr\\\/news-fr\\\/umberto-boschi-recoit-la-candelora-attestation-du-merite-civique\\\/#primaryimage\"},\"thumbnailUrl\":\"https:\\\/\\\/umbertoboschi.it\\\/wp-content\\\/uploads\\\/2021\\\/05\\\/featured_news_candelora.jpg\",\"articleSection\":[\"News-fr\"],\"inLanguage\":\"fr-FR\"},{\"@type\":\"WebPage\",\"@id\":\"https:\\\/\\\/umbertoboschi.it\\\/fr\\\/news-fr\\\/umberto-boschi-recoit-la-candelora-attestation-du-merite-civique\\\/\",\"url\":\"https:\\\/\\\/umbertoboschi.it\\\/fr\\\/news-fr\\\/umberto-boschi-recoit-la-candelora-attestation-du-merite-civique\\\/\",\"name\":\"Umberto Boschi re\u00e7oit \u201cLa Candelora\u201d, Attestation du m\u00e9rite civique - Cavalier Umberto Boschi\",\"isPartOf\":{\"@id\":\"https:\\\/\\\/umbertoboschi.it\\\/#website\"},\"primaryImageOfPage\":{\"@id\":\"https:\\\/\\\/umbertoboschi.it\\\/fr\\\/news-fr\\\/umberto-boschi-recoit-la-candelora-attestation-du-merite-civique\\\/#primaryimage\"},\"image\":{\"@id\":\"https:\\\/\\\/umbertoboschi.it\\\/fr\\\/news-fr\\\/umberto-boschi-recoit-la-candelora-attestation-du-merite-civique\\\/#primaryimage\"},\"thumbnailUrl\":\"https:\\\/\\\/umbertoboschi.it\\\/wp-content\\\/uploads\\\/2021\\\/05\\\/featured_news_candelora.jpg\",\"datePublished\":\"2021-05-26T08:28:00+00:00\",\"dateModified\":\"2026-04-29T08:32:24+00:00\",\"breadcrumb\":{\"@id\":\"https:\\\/\\\/umbertoboschi.it\\\/fr\\\/news-fr\\\/umberto-boschi-recoit-la-candelora-attestation-du-merite-civique\\\/#breadcrumb\"},\"inLanguage\":\"fr-FR\",\"potentialAction\":[{\"@type\":\"ReadAction\",\"target\":[\"https:\\\/\\\/umbertoboschi.it\\\/fr\\\/news-fr\\\/umberto-boschi-recoit-la-candelora-attestation-du-merite-civique\\\/\"]}]},{\"@type\":\"ImageObject\",\"inLanguage\":\"fr-FR\",\"@id\":\"https:\\\/\\\/umbertoboschi.it\\\/fr\\\/news-fr\\\/umberto-boschi-recoit-la-candelora-attestation-du-merite-civique\\\/#primaryimage\",\"url\":\"https:\\\/\\\/umbertoboschi.it\\\/wp-content\\\/uploads\\\/2021\\\/05\\\/featured_news_candelora.jpg\",\"contentUrl\":\"https:\\\/\\\/umbertoboschi.it\\\/wp-content\\\/uploads\\\/2021\\\/05\\\/featured_news_candelora.jpg\",\"width\":720,\"height\":960},{\"@type\":\"BreadcrumbList\",\"@id\":\"https:\\\/\\\/umbertoboschi.it\\\/fr\\\/news-fr\\\/umberto-boschi-recoit-la-candelora-attestation-du-merite-civique\\\/#breadcrumb\",\"itemListElement\":[{\"@type\":\"ListItem\",\"position\":1,\"name\":\"Home\",\"item\":\"https:\\\/\\\/umbertoboschi.it\\\/fr\\\/\"},{\"@type\":\"ListItem\",\"position\":2,\"name\":\"News-fr\",\"item\":\"https:\\\/\\\/umbertoboschi.it\\\/fr\\\/category\\\/news-fr\\\/\"},{\"@type\":\"ListItem\",\"position\":3,\"name\":\"Umberto Boschi re\u00e7oit \u201cLa Candelora\u201d, Attestation du m\u00e9rite civique\"}]},{\"@type\":\"WebSite\",\"@id\":\"https:\\\/\\\/umbertoboschi.it\\\/#website\",\"url\":\"https:\\\/\\\/umbertoboschi.it\\\/\",\"name\":\"Cavalier Umberto Boschi\",\"description\":\"\",\"publisher\":{\"@id\":\"https:\\\/\\\/umbertoboschi.it\\\/#organization\"},\"potentialAction\":[{\"@type\":\"SearchAction\",\"target\":{\"@type\":\"EntryPoint\",\"urlTemplate\":\"https:\\\/\\\/umbertoboschi.it\\\/?s={search_term_string}\"},\"query-input\":{\"@type\":\"PropertyValueSpecification\",\"valueRequired\":true,\"valueName\":\"search_term_string\"}}],\"inLanguage\":\"fr-FR\"},{\"@type\":\"Organization\",\"@id\":\"https:\\\/\\\/umbertoboschi.it\\\/#organization\",\"name\":\"Cavalier Umberto Boschi\",\"url\":\"https:\\\/\\\/umbertoboschi.it\\\/\",\"logo\":{\"@type\":\"ImageObject\",\"inLanguage\":\"fr-FR\",\"@id\":\"https:\\\/\\\/umbertoboschi.it\\\/#\\\/schema\\\/logo\\\/image\\\/\",\"url\":\"https:\\\/\\\/umbertoboschi.it\\\/wp-content\\\/uploads\\\/2021\\\/03\\\/logo_boschi_adapt.svg\",\"contentUrl\":\"https:\\\/\\\/umbertoboschi.it\\\/wp-content\\\/uploads\\\/2021\\\/03\\\/logo_boschi_adapt.svg\",\"width\":98.88,\"height\":170.62,\"caption\":\"Cavalier Umberto Boschi\"},\"image\":{\"@id\":\"https:\\\/\\\/umbertoboschi.it\\\/#\\\/schema\\\/logo\\\/image\\\/\"}},{\"@type\":\"Person\",\"@id\":\"https:\\\/\\\/umbertoboschi.it\\\/#\\\/schema\\\/person\\\/3c7d1879bd59797b080223f0ebd87e82\",\"name\":\"qreactive\",\"image\":{\"@type\":\"ImageObject\",\"inLanguage\":\"fr-FR\",\"@id\":\"https:\\\/\\\/secure.gravatar.com\\\/avatar\\\/5543d51269e9d374e437e627f98677ff14e3f804146c4dae9b1b7c6dd857ff02?s=96&d=mm&r=g\",\"url\":\"https:\\\/\\\/secure.gravatar.com\\\/avatar\\\/5543d51269e9d374e437e627f98677ff14e3f804146c4dae9b1b7c6dd857ff02?s=96&d=mm&r=g\",\"contentUrl\":\"https:\\\/\\\/secure.gravatar.com\\\/avatar\\\/5543d51269e9d374e437e627f98677ff14e3f804146c4dae9b1b7c6dd857ff02?s=96&d=mm&r=g\",\"caption\":\"qreactive\"},\"sameAs\":[\"http:\\\/\\\/umbertoboschi.it\"],\"url\":\"https:\\\/\\\/umbertoboschi.it\\\/fr\\\/author\\\/qreactive\\\/\"}]}<\/script>\n<!-- \/ Yoast SEO plugin. -->","yoast_head_json":{"title":"Umberto Boschi re\u00e7oit \u201cLa Candelora\u201d, Attestation du m\u00e9rite civique - Cavalier Umberto Boschi","robots":{"index":"index","follow":"follow","max-snippet":"max-snippet:-1","max-image-preview":"max-image-preview:large","max-video-preview":"max-video-preview:-1"},"canonical":"https:\/\/umbertoboschi.it\/fr\/news-fr\/umberto-boschi-recoit-la-candelora-attestation-du-merite-civique\/","og_locale":"fr_FR","og_type":"article","og_title":"Umberto Boschi re\u00e7oit \u201cLa Candelora\u201d, Attestation du m\u00e9rite civique - Cavalier Umberto Boschi","og_description":"Une salle bond\u00e9e de personnes a assist\u00e9 enthousiaste \u00e0 la 4e \u00e9dition du Prix \"La Candelora\" qui s'est tenue au Cinema Teatro Comunale de la ville de Felino.","og_url":"https:\/\/umbertoboschi.it\/fr\/news-fr\/umberto-boschi-recoit-la-candelora-attestation-du-merite-civique\/","og_site_name":"Cavalier Umberto Boschi","article_published_time":"2021-05-26T08:28:00+00:00","article_modified_time":"2026-04-29T08:32:24+00:00","og_image":[{"width":720,"height":960,"url":"http:\/\/umbertoboschi.it\/wp-content\/uploads\/2021\/05\/featured_news_candelora.jpg","type":"image\/jpeg"}],"author":"qreactive","twitter_card":"summary_large_image","twitter_misc":{"\u00c9crit par":"qreactive","Dur\u00e9e de lecture estim\u00e9e":"2 minutes"},"schema":{"@context":"https:\/\/schema.org","@graph":[{"@type":"Article","@id":"https:\/\/umbertoboschi.it\/fr\/news-fr\/umberto-boschi-recoit-la-candelora-attestation-du-merite-civique\/#article","isPartOf":{"@id":"https:\/\/umbertoboschi.it\/fr\/news-fr\/umberto-boschi-recoit-la-candelora-attestation-du-merite-civique\/"},"author":{"name":"qreactive","@id":"https:\/\/umbertoboschi.it\/#\/schema\/person\/3c7d1879bd59797b080223f0ebd87e82"},"headline":"Umberto Boschi re\u00e7oit \u201cLa Candelora\u201d, Attestation du m\u00e9rite civique","datePublished":"2021-05-26T08:28:00+00:00","dateModified":"2026-04-29T08:32:24+00:00","mainEntityOfPage":{"@id":"https:\/\/umbertoboschi.it\/fr\/news-fr\/umberto-boschi-recoit-la-candelora-attestation-du-merite-civique\/"},"wordCount":183,"publisher":{"@id":"https:\/\/umbertoboschi.it\/#organization"},"image":{"@id":"https:\/\/umbertoboschi.it\/fr\/news-fr\/umberto-boschi-recoit-la-candelora-attestation-du-merite-civique\/#primaryimage"},"thumbnailUrl":"https:\/\/umbertoboschi.it\/wp-content\/uploads\/2021\/05\/featured_news_candelora.jpg","articleSection":["News-fr"],"inLanguage":"fr-FR"},{"@type":"WebPage","@id":"https:\/\/umbertoboschi.it\/fr\/news-fr\/umberto-boschi-recoit-la-candelora-attestation-du-merite-civique\/","url":"https:\/\/umbertoboschi.it\/fr\/news-fr\/umberto-boschi-recoit-la-candelora-attestation-du-merite-civique\/","name":"Umberto Boschi re\u00e7oit \u201cLa Candelora\u201d, Attestation du m\u00e9rite civique - Cavalier Umberto Boschi","isPartOf":{"@id":"https:\/\/umbertoboschi.it\/#website"},"primaryImageOfPage":{"@id":"https:\/\/umbertoboschi.it\/fr\/news-fr\/umberto-boschi-recoit-la-candelora-attestation-du-merite-civique\/#primaryimage"},"image":{"@id":"https:\/\/umbertoboschi.it\/fr\/news-fr\/umberto-boschi-recoit-la-candelora-attestation-du-merite-civique\/#primaryimage"},"thumbnailUrl":"https:\/\/umbertoboschi.it\/wp-content\/uploads\/2021\/05\/featured_news_candelora.jpg","datePublished":"2021-05-26T08:28:00+00:00","dateModified":"2026-04-29T08:32:24+00:00","breadcrumb":{"@id":"https:\/\/umbertoboschi.it\/fr\/news-fr\/umberto-boschi-recoit-la-candelora-attestation-du-merite-civique\/#breadcrumb"},"inLanguage":"fr-FR","potentialAction":[{"@type":"ReadAction","target":["https:\/\/umbertoboschi.it\/fr\/news-fr\/umberto-boschi-recoit-la-candelora-attestation-du-merite-civique\/"]}]},{"@type":"ImageObject","inLanguage":"fr-FR","@id":"https:\/\/umbertoboschi.it\/fr\/news-fr\/umberto-boschi-recoit-la-candelora-attestation-du-merite-civique\/#primaryimage","url":"https:\/\/umbertoboschi.it\/wp-content\/uploads\/2021\/05\/featured_news_candelora.jpg","contentUrl":"https:\/\/umbertoboschi.it\/wp-content\/uploads\/2021\/05\/featured_news_candelora.jpg","width":720,"height":960},{"@type":"BreadcrumbList","@id":"https:\/\/umbertoboschi.it\/fr\/news-fr\/umberto-boschi-recoit-la-candelora-attestation-du-merite-civique\/#breadcrumb","itemListElement":[{"@type":"ListItem","position":1,"name":"Home","item":"https:\/\/umbertoboschi.it\/fr\/"},{"@type":"ListItem","position":2,"name":"News-fr","item":"https:\/\/umbertoboschi.it\/fr\/category\/news-fr\/"},{"@type":"ListItem","position":3,"name":"Umberto Boschi re\u00e7oit \u201cLa Candelora\u201d, Attestation du m\u00e9rite civique"}]},{"@type":"WebSite","@id":"https:\/\/umbertoboschi.it\/#website","url":"https:\/\/umbertoboschi.it\/","name":"Cavalier Umberto Boschi","description":"","publisher":{"@id":"https:\/\/umbertoboschi.it\/#organization"},"potentialAction":[{"@type":"SearchAction","target":{"@type":"EntryPoint","urlTemplate":"https:\/\/umbertoboschi.it\/?s={search_term_string}"},"query-input":{"@type":"PropertyValueSpecification","valueRequired":true,"valueName":"search_term_string"}}],"inLanguage":"fr-FR"},{"@type":"Organization","@id":"https:\/\/umbertoboschi.it\/#organization","name":"Cavalier Umberto Boschi","url":"https:\/\/umbertoboschi.it\/","logo":{"@type":"ImageObject","inLanguage":"fr-FR","@id":"https:\/\/umbertoboschi.it\/#\/schema\/logo\/image\/","url":"https:\/\/umbertoboschi.it\/wp-content\/uploads\/2021\/03\/logo_boschi_adapt.svg","contentUrl":"https:\/\/umbertoboschi.it\/wp-content\/uploads\/2021\/03\/logo_boschi_adapt.svg","width":98.88,"height":170.62,"caption":"Cavalier Umberto Boschi"},"image":{"@id":"https:\/\/umbertoboschi.it\/#\/schema\/logo\/image\/"}},{"@type":"Person","@id":"https:\/\/umbertoboschi.it\/#\/schema\/person\/3c7d1879bd59797b080223f0ebd87e82","name":"qreactive","image":{"@type":"ImageObject","inLanguage":"fr-FR","@id":"https:\/\/secure.gravatar.com\/avatar\/5543d51269e9d374e437e627f98677ff14e3f804146c4dae9b1b7c6dd857ff02?s=96&d=mm&r=g","url":"https:\/\/secure.gravatar.com\/avatar\/5543d51269e9d374e437e627f98677ff14e3f804146c4dae9b1b7c6dd857ff02?s=96&d=mm&r=g","contentUrl":"https:\/\/secure.gravatar.com\/avatar\/5543d51269e9d374e437e627f98677ff14e3f804146c4dae9b1b7c6dd857ff02?s=96&d=mm&r=g","caption":"qreactive"},"sameAs":["http:\/\/umbertoboschi.it"],"url":"https:\/\/umbertoboschi.it\/fr\/author\/qreactive\/"}]}},"_links":{"self":[{"href":"https:\/\/umbertoboschi.it\/fr\/wp-json\/wp\/v2\/posts\/10156","targetHints":{"allow":["GET"]}}],"collection":[{"href":"https:\/\/umbertoboschi.it\/fr\/wp-json\/wp\/v2\/posts"}],"about":[{"href":"https:\/\/umbertoboschi.it\/fr\/wp-json\/wp\/v2\/types\/post"}],"author":[{"embeddable":true,"href":"https:\/\/umbertoboschi.it\/fr\/wp-json\/wp\/v2\/users\/1"}],"replies":[{"embeddable":true,"href":"https:\/\/umbertoboschi.it\/fr\/wp-json\/wp\/v2\/comments?post=10156"}],"version-history":[{"count":11,"href":"https:\/\/umbertoboschi.it\/fr\/wp-json\/wp\/v2\/posts\/10156\/revisions"}],"predecessor-version":[{"id":12474,"href":"https:\/\/umbertoboschi.it\/fr\/wp-json\/wp\/v2\/posts\/10156\/revisions\/12474"}],"wp:featuredmedia":[{"embeddable":true,"href":"https:\/\/umbertoboschi.it\/fr\/wp-json\/wp\/v2\/media\/1255"}],"wp:attachment":[{"href":"https:\/\/umbertoboschi.it\/fr\/wp-json\/wp\/v2\/media?parent=10156"}],"wp:term":[{"taxonomy":"category","embeddable":true,"href":"https:\/\/umbertoboschi.it\/fr\/wp-json\/wp\/v2\/categories?post=10156"},{"taxonomy":"post_tag","embeddable":true,"href":"https:\/\/umbertoboschi.it\/fr\/wp-json\/wp\/v2\/tags?post=10156"}],"curies":[{"name":"wp","href":"https:\/\/api.w.org\/{rel}","templated":true}]}}