{"id":10187,"date":"2021-05-27T08:58:06","date_gmt":"2021-05-27T08:58:06","guid":{"rendered":"http:\/\/umbertoboschi.it\/unkategorisiert\/umberto-boschi-erhaelt-die-auszeichnung-la-candelora\/"},"modified":"2026-04-29T10:13:44","modified_gmt":"2026-04-29T10:13:44","slug":"umberto-boschi-erhaelt-die-auszeichnung-la-candelora","status":"publish","type":"post","link":"https:\/\/umbertoboschi.it\/de\/news-de\/umberto-boschi-erhaelt-die-auszeichnung-la-candelora\/","title":{"rendered":"Umberto Boschi erh\u00e4lt die Auszeichnung \u201eLa Candelora\u201c"},"content":{"rendered":"\t\t<div data-elementor-type=\"wp-post\" data-elementor-id=\"10187\" class=\"elementor elementor-10187 elementor-1251\" data-elementor-post-type=\"post\">\n\t\t\t\t\t\t<section class=\"elementor-section elementor-top-section elementor-element elementor-element-c18117a elementor-section-boxed elementor-section-height-default elementor-section-height-default\" data-id=\"c18117a\" data-element_type=\"section\" data-settings=\"{&quot;jet_parallax_layout_list&quot;:[{&quot;jet_parallax_layout_image&quot;:{&quot;url&quot;:&quot;&quot;,&quot;id&quot;:&quot;&quot;,&quot;size&quot;:&quot;&quot;},&quot;_id&quot;:&quot;1c0a1eb&quot;,&quot;jet_parallax_layout_image_widescreen&quot;:{&quot;url&quot;:&quot;&quot;,&quot;id&quot;:&quot;&quot;,&quot;size&quot;:&quot;&quot;},&quot;jet_parallax_layout_image_laptop&quot;:{&quot;url&quot;:&quot;&quot;,&quot;id&quot;:&quot;&quot;,&quot;size&quot;:&quot;&quot;},&quot;jet_parallax_layout_image_tablet&quot;:{&quot;url&quot;:&quot;&quot;,&quot;id&quot;:&quot;&quot;,&quot;size&quot;:&quot;&quot;},&quot;jet_parallax_layout_image_mobile&quot;:{&quot;url&quot;:&quot;&quot;,&quot;id&quot;:&quot;&quot;,&quot;size&quot;:&quot;&quot;},&quot;jet_parallax_layout_speed&quot;:{&quot;unit&quot;:&quot;%&quot;,&quot;size&quot;:50,&quot;sizes&quot;:[]},&quot;jet_parallax_layout_type&quot;:&quot;scroll&quot;,&quot;jet_parallax_layout_direction&quot;:&quot;1&quot;,&quot;jet_parallax_layout_fx_direction&quot;:null,&quot;jet_parallax_layout_z_index&quot;:&quot;&quot;,&quot;jet_parallax_layout_bg_x&quot;:50,&quot;jet_parallax_layout_bg_x_widescreen&quot;:&quot;&quot;,&quot;jet_parallax_layout_bg_x_laptop&quot;:&quot;&quot;,&quot;jet_parallax_layout_bg_x_tablet&quot;:&quot;&quot;,&quot;jet_parallax_layout_bg_x_mobile&quot;:&quot;&quot;,&quot;jet_parallax_layout_bg_y&quot;:50,&quot;jet_parallax_layout_bg_y_widescreen&quot;:&quot;&quot;,&quot;jet_parallax_layout_bg_y_laptop&quot;:&quot;&quot;,&quot;jet_parallax_layout_bg_y_tablet&quot;:&quot;&quot;,&quot;jet_parallax_layout_bg_y_mobile&quot;:&quot;&quot;,&quot;jet_parallax_layout_bg_size&quot;:&quot;auto&quot;,&quot;jet_parallax_layout_bg_size_widescreen&quot;:&quot;&quot;,&quot;jet_parallax_layout_bg_size_laptop&quot;:&quot;&quot;,&quot;jet_parallax_layout_bg_size_tablet&quot;:&quot;&quot;,&quot;jet_parallax_layout_bg_size_mobile&quot;:&quot;&quot;,&quot;jet_parallax_layout_animation_prop&quot;:&quot;transform&quot;,&quot;jet_parallax_layout_on&quot;:[&quot;desktop&quot;,&quot;tablet&quot;]}]}\">\n\t\t\t\t\t\t<div class=\"elementor-container elementor-column-gap-default\">\n\t\t\t\t\t<div class=\"elementor-column elementor-col-100 elementor-top-column elementor-element elementor-element-dd394e0\" data-id=\"dd394e0\" data-element_type=\"column\">\n\t\t\t<div class=\"elementor-widget-wrap elementor-element-populated\">\n\t\t\t\t\t\t<div class=\"elementor-element elementor-element-861c3c8 elementor-widget elementor-widget-text-editor\" data-id=\"861c3c8\" data-element_type=\"widget\" data-widget_type=\"text-editor.default\">\n\t\t\t\t<div class=\"elementor-widget-container\">\n\t\t\t\t\t\t\t\t\t<p>Die vom Kulturverein <strong>Filinum organisierte Veranstaltung<\/strong> zeichnet Personen, Organisationen oder Vereine aus, die sich besonders um Bereiche wie Wissenschaft, Literatur, Kunst, Industrie, Sport oder Gemeinn\u00fctzigkeit verdient gemacht haben. Mit der Auszeichnung werden B\u00fcrgerinnen und B\u00fcrger geehrt, die sich durch ihre T\u00e4tigkeit oder ihr <strong>Engagement f\u00fcr die Gemeinschaft<\/strong> hervorgetan haben.<\/p>\n<p>Wir sind sehr stolz darauf, Ihnen mitteilen zu k\u00f6nnen, dass zu den diesj\u00e4hrigen Preistr\u00e4gern der Auszeichnung \u201eLa Candelora\u201c Umberto Boschi, der Pr\u00e4sident und Vorstandsvorsitzende unseres Unternehmens, geh\u00f6rt, der es mit seinem Unternehmen geschafft hat, <strong>\u201edie Salami als kulinarisches Aush\u00e4ngeschild der Region in der ganzen Welt bekannt zu machen.\u201c<\/strong><\/p>\n<p>Dieser Preis steht nicht nur f\u00fcr die Liebe zu unserer Arbeit, sondern auch f\u00fcr die Verbundenheit des Unternehmens mit seiner Heimat: denn die Firma Cav. Boschi wurde vor hundert Jahren hier in Felino gegr\u00fcndet.&nbsp;<\/p>\t\t\t\t\t\t\t\t<\/div>\n\t\t\t\t<\/div>\n\t\t\t\t\t<\/div>\n\t\t<\/div>\n\t\t\t\t\t<\/div>\n\t\t<\/section>\n\t\t\t\t<\/div>\n\t\t","protected":false},"excerpt":{"rendered":"<p>Am Sonntag, dem 2. Februar, fand im vollbesetzten Kino Teatro Comunale in Felino die vierte Auszeichnung \u201eLa Candelora\u201c statt, die mit gro\u00dfer Begeisterung begr\u00fc\u00dft wurde.<\/p>\n","protected":false},"author":1,"featured_media":1256,"comment_status":"closed","ping_status":"open","sticky":false,"template":"","format":"standard","meta":{"footnotes":""},"categories":[129],"tags":[],"class_list":["post-10187","post","type-post","status-publish","format-standard","has-post-thumbnail","hentry","category-news-de"],"yoast_head":"<!-- This site is optimized with the Yoast SEO plugin v27.5 - https:\/\/yoast.com\/product\/yoast-seo-wordpress\/ -->\n<title>Umberto Boschi erh\u00e4lt die Auszeichnung \u201eLa Candelora\u201c - Cavalier Umberto Boschi<\/title>\n<meta name=\"robots\" content=\"index, follow, max-snippet:-1, max-image-preview:large, max-video-preview:-1\" \/>\n<link rel=\"canonical\" href=\"https:\/\/umbertoboschi.it\/de\/news-de\/umberto-boschi-erhaelt-die-auszeichnung-la-candelora\/\" \/>\n<meta property=\"og:locale\" content=\"de_DE\" \/>\n<meta property=\"og:type\" content=\"article\" \/>\n<meta property=\"og:title\" content=\"Umberto Boschi erh\u00e4lt die Auszeichnung \u201eLa Candelora\u201c - Cavalier Umberto Boschi\" \/>\n<meta property=\"og:description\" content=\"Am Sonntag, dem 2. Februar, fand im vollbesetzten Kino Teatro Comunale in Felino die vierte Auszeichnung \u201eLa Candelora\u201c statt, die mit gro\u00dfer Begeisterung begr\u00fc\u00dft wurde.\" \/>\n<meta property=\"og:url\" content=\"https:\/\/umbertoboschi.it\/de\/news-de\/umberto-boschi-erhaelt-die-auszeichnung-la-candelora\/\" \/>\n<meta property=\"og:site_name\" content=\"Cavalier Umberto Boschi\" \/>\n<meta property=\"article:published_time\" content=\"2021-05-27T08:58:06+00:00\" \/>\n<meta property=\"article:modified_time\" content=\"2026-04-29T10:13:44+00:00\" \/>\n<meta property=\"og:image\" content=\"http:\/\/umbertoboschi.it\/wp-content\/uploads\/2021\/05\/featured_news_candelora.jpg\" \/>\n\t<meta property=\"og:image:width\" content=\"720\" \/>\n\t<meta property=\"og:image:height\" content=\"960\" \/>\n\t<meta property=\"og:image:type\" content=\"image\/jpeg\" \/>\n<meta name=\"author\" content=\"qreactive\" \/>\n<meta name=\"twitter:card\" content=\"summary_large_image\" \/>\n<meta name=\"twitter:label1\" content=\"Verfasst von\" \/>\n\t<meta name=\"twitter:data1\" content=\"qreactive\" \/>\n\t<meta name=\"twitter:label2\" content=\"Gesch\u00e4tzte Lesezeit\" \/>\n\t<meta name=\"twitter:data2\" content=\"1\u00a0Minute\" \/>\n<script type=\"application\/ld+json\" class=\"yoast-schema-graph\">{\"@context\":\"https:\\\/\\\/schema.org\",\"@graph\":[{\"@type\":\"Article\",\"@id\":\"https:\\\/\\\/umbertoboschi.it\\\/de\\\/news-de\\\/umberto-boschi-erhaelt-die-auszeichnung-la-candelora\\\/#article\",\"isPartOf\":{\"@id\":\"https:\\\/\\\/umbertoboschi.it\\\/de\\\/news-de\\\/umberto-boschi-erhaelt-die-auszeichnung-la-candelora\\\/\"},\"author\":{\"name\":\"qreactive\",\"@id\":\"https:\\\/\\\/umbertoboschi.it\\\/#\\\/schema\\\/person\\\/3c7d1879bd59797b080223f0ebd87e82\"},\"headline\":\"Umberto Boschi erh\u00e4lt die Auszeichnung \u201eLa Candelora\u201c\",\"datePublished\":\"2021-05-27T08:58:06+00:00\",\"dateModified\":\"2026-04-29T10:13:44+00:00\",\"mainEntityOfPage\":{\"@id\":\"https:\\\/\\\/umbertoboschi.it\\\/de\\\/news-de\\\/umberto-boschi-erhaelt-die-auszeichnung-la-candelora\\\/\"},\"wordCount\":154,\"publisher\":{\"@id\":\"https:\\\/\\\/umbertoboschi.it\\\/#organization\"},\"image\":{\"@id\":\"https:\\\/\\\/umbertoboschi.it\\\/de\\\/news-de\\\/umberto-boschi-erhaelt-die-auszeichnung-la-candelora\\\/#primaryimage\"},\"thumbnailUrl\":\"https:\\\/\\\/umbertoboschi.it\\\/wp-content\\\/uploads\\\/2021\\\/05\\\/featured_news_candelora.jpg\",\"articleSection\":[\"News-de\"],\"inLanguage\":\"de\"},{\"@type\":\"WebPage\",\"@id\":\"https:\\\/\\\/umbertoboschi.it\\\/de\\\/news-de\\\/umberto-boschi-erhaelt-die-auszeichnung-la-candelora\\\/\",\"url\":\"https:\\\/\\\/umbertoboschi.it\\\/de\\\/news-de\\\/umberto-boschi-erhaelt-die-auszeichnung-la-candelora\\\/\",\"name\":\"Umberto Boschi erh\u00e4lt die Auszeichnung \u201eLa Candelora\u201c - Cavalier Umberto Boschi\",\"isPartOf\":{\"@id\":\"https:\\\/\\\/umbertoboschi.it\\\/#website\"},\"primaryImageOfPage\":{\"@id\":\"https:\\\/\\\/umbertoboschi.it\\\/de\\\/news-de\\\/umberto-boschi-erhaelt-die-auszeichnung-la-candelora\\\/#primaryimage\"},\"image\":{\"@id\":\"https:\\\/\\\/umbertoboschi.it\\\/de\\\/news-de\\\/umberto-boschi-erhaelt-die-auszeichnung-la-candelora\\\/#primaryimage\"},\"thumbnailUrl\":\"https:\\\/\\\/umbertoboschi.it\\\/wp-content\\\/uploads\\\/2021\\\/05\\\/featured_news_candelora.jpg\",\"datePublished\":\"2021-05-27T08:58:06+00:00\",\"dateModified\":\"2026-04-29T10:13:44+00:00\",\"breadcrumb\":{\"@id\":\"https:\\\/\\\/umbertoboschi.it\\\/de\\\/news-de\\\/umberto-boschi-erhaelt-die-auszeichnung-la-candelora\\\/#breadcrumb\"},\"inLanguage\":\"de\",\"potentialAction\":[{\"@type\":\"ReadAction\",\"target\":[\"https:\\\/\\\/umbertoboschi.it\\\/de\\\/news-de\\\/umberto-boschi-erhaelt-die-auszeichnung-la-candelora\\\/\"]}]},{\"@type\":\"ImageObject\",\"inLanguage\":\"de\",\"@id\":\"https:\\\/\\\/umbertoboschi.it\\\/de\\\/news-de\\\/umberto-boschi-erhaelt-die-auszeichnung-la-candelora\\\/#primaryimage\",\"url\":\"https:\\\/\\\/umbertoboschi.it\\\/wp-content\\\/uploads\\\/2021\\\/05\\\/featured_news_candelora.jpg\",\"contentUrl\":\"https:\\\/\\\/umbertoboschi.it\\\/wp-content\\\/uploads\\\/2021\\\/05\\\/featured_news_candelora.jpg\",\"width\":720,\"height\":960},{\"@type\":\"BreadcrumbList\",\"@id\":\"https:\\\/\\\/umbertoboschi.it\\\/de\\\/news-de\\\/umberto-boschi-erhaelt-die-auszeichnung-la-candelora\\\/#breadcrumb\",\"itemListElement\":[{\"@type\":\"ListItem\",\"position\":1,\"name\":\"Home\",\"item\":\"https:\\\/\\\/umbertoboschi.it\\\/de\\\/\"},{\"@type\":\"ListItem\",\"position\":2,\"name\":\"News-de\",\"item\":\"https:\\\/\\\/umbertoboschi.it\\\/de\\\/category\\\/news-de\\\/\"},{\"@type\":\"ListItem\",\"position\":3,\"name\":\"Umberto Boschi erh\u00e4lt die Auszeichnung \u201eLa Candelora\u201c\"}]},{\"@type\":\"WebSite\",\"@id\":\"https:\\\/\\\/umbertoboschi.it\\\/#website\",\"url\":\"https:\\\/\\\/umbertoboschi.it\\\/\",\"name\":\"Cavalier Umberto Boschi\",\"description\":\"\",\"publisher\":{\"@id\":\"https:\\\/\\\/umbertoboschi.it\\\/#organization\"},\"potentialAction\":[{\"@type\":\"SearchAction\",\"target\":{\"@type\":\"EntryPoint\",\"urlTemplate\":\"https:\\\/\\\/umbertoboschi.it\\\/?s={search_term_string}\"},\"query-input\":{\"@type\":\"PropertyValueSpecification\",\"valueRequired\":true,\"valueName\":\"search_term_string\"}}],\"inLanguage\":\"de\"},{\"@type\":\"Organization\",\"@id\":\"https:\\\/\\\/umbertoboschi.it\\\/#organization\",\"name\":\"Cavalier Umberto Boschi\",\"url\":\"https:\\\/\\\/umbertoboschi.it\\\/\",\"logo\":{\"@type\":\"ImageObject\",\"inLanguage\":\"de\",\"@id\":\"https:\\\/\\\/umbertoboschi.it\\\/#\\\/schema\\\/logo\\\/image\\\/\",\"url\":\"https:\\\/\\\/umbertoboschi.it\\\/wp-content\\\/uploads\\\/2021\\\/03\\\/logo_boschi_adapt.svg\",\"contentUrl\":\"https:\\\/\\\/umbertoboschi.it\\\/wp-content\\\/uploads\\\/2021\\\/03\\\/logo_boschi_adapt.svg\",\"width\":98.88,\"height\":170.62,\"caption\":\"Cavalier Umberto Boschi\"},\"image\":{\"@id\":\"https:\\\/\\\/umbertoboschi.it\\\/#\\\/schema\\\/logo\\\/image\\\/\"}},{\"@type\":\"Person\",\"@id\":\"https:\\\/\\\/umbertoboschi.it\\\/#\\\/schema\\\/person\\\/3c7d1879bd59797b080223f0ebd87e82\",\"name\":\"qreactive\",\"image\":{\"@type\":\"ImageObject\",\"inLanguage\":\"de\",\"@id\":\"https:\\\/\\\/secure.gravatar.com\\\/avatar\\\/5543d51269e9d374e437e627f98677ff14e3f804146c4dae9b1b7c6dd857ff02?s=96&d=mm&r=g\",\"url\":\"https:\\\/\\\/secure.gravatar.com\\\/avatar\\\/5543d51269e9d374e437e627f98677ff14e3f804146c4dae9b1b7c6dd857ff02?s=96&d=mm&r=g\",\"contentUrl\":\"https:\\\/\\\/secure.gravatar.com\\\/avatar\\\/5543d51269e9d374e437e627f98677ff14e3f804146c4dae9b1b7c6dd857ff02?s=96&d=mm&r=g\",\"caption\":\"qreactive\"},\"sameAs\":[\"http:\\\/\\\/umbertoboschi.it\"],\"url\":\"https:\\\/\\\/umbertoboschi.it\\\/de\\\/author\\\/qreactive\\\/\"}]}<\/script>\n<!-- \/ Yoast SEO plugin. -->","yoast_head_json":{"title":"Umberto Boschi erh\u00e4lt die Auszeichnung \u201eLa Candelora\u201c - Cavalier Umberto Boschi","robots":{"index":"index","follow":"follow","max-snippet":"max-snippet:-1","max-image-preview":"max-image-preview:large","max-video-preview":"max-video-preview:-1"},"canonical":"https:\/\/umbertoboschi.it\/de\/news-de\/umberto-boschi-erhaelt-die-auszeichnung-la-candelora\/","og_locale":"de_DE","og_type":"article","og_title":"Umberto Boschi erh\u00e4lt die Auszeichnung \u201eLa Candelora\u201c - Cavalier Umberto Boschi","og_description":"Am Sonntag, dem 2. Februar, fand im vollbesetzten Kino Teatro Comunale in Felino die vierte Auszeichnung \u201eLa Candelora\u201c statt, die mit gro\u00dfer Begeisterung begr\u00fc\u00dft wurde.","og_url":"https:\/\/umbertoboschi.it\/de\/news-de\/umberto-boschi-erhaelt-die-auszeichnung-la-candelora\/","og_site_name":"Cavalier Umberto Boschi","article_published_time":"2021-05-27T08:58:06+00:00","article_modified_time":"2026-04-29T10:13:44+00:00","og_image":[{"width":720,"height":960,"url":"http:\/\/umbertoboschi.it\/wp-content\/uploads\/2021\/05\/featured_news_candelora.jpg","type":"image\/jpeg"}],"author":"qreactive","twitter_card":"summary_large_image","twitter_misc":{"Verfasst von":"qreactive","Gesch\u00e4tzte Lesezeit":"1\u00a0Minute"},"schema":{"@context":"https:\/\/schema.org","@graph":[{"@type":"Article","@id":"https:\/\/umbertoboschi.it\/de\/news-de\/umberto-boschi-erhaelt-die-auszeichnung-la-candelora\/#article","isPartOf":{"@id":"https:\/\/umbertoboschi.it\/de\/news-de\/umberto-boschi-erhaelt-die-auszeichnung-la-candelora\/"},"author":{"name":"qreactive","@id":"https:\/\/umbertoboschi.it\/#\/schema\/person\/3c7d1879bd59797b080223f0ebd87e82"},"headline":"Umberto Boschi erh\u00e4lt die Auszeichnung \u201eLa Candelora\u201c","datePublished":"2021-05-27T08:58:06+00:00","dateModified":"2026-04-29T10:13:44+00:00","mainEntityOfPage":{"@id":"https:\/\/umbertoboschi.it\/de\/news-de\/umberto-boschi-erhaelt-die-auszeichnung-la-candelora\/"},"wordCount":154,"publisher":{"@id":"https:\/\/umbertoboschi.it\/#organization"},"image":{"@id":"https:\/\/umbertoboschi.it\/de\/news-de\/umberto-boschi-erhaelt-die-auszeichnung-la-candelora\/#primaryimage"},"thumbnailUrl":"https:\/\/umbertoboschi.it\/wp-content\/uploads\/2021\/05\/featured_news_candelora.jpg","articleSection":["News-de"],"inLanguage":"de"},{"@type":"WebPage","@id":"https:\/\/umbertoboschi.it\/de\/news-de\/umberto-boschi-erhaelt-die-auszeichnung-la-candelora\/","url":"https:\/\/umbertoboschi.it\/de\/news-de\/umberto-boschi-erhaelt-die-auszeichnung-la-candelora\/","name":"Umberto Boschi erh\u00e4lt die Auszeichnung \u201eLa Candelora\u201c - Cavalier Umberto Boschi","isPartOf":{"@id":"https:\/\/umbertoboschi.it\/#website"},"primaryImageOfPage":{"@id":"https:\/\/umbertoboschi.it\/de\/news-de\/umberto-boschi-erhaelt-die-auszeichnung-la-candelora\/#primaryimage"},"image":{"@id":"https:\/\/umbertoboschi.it\/de\/news-de\/umberto-boschi-erhaelt-die-auszeichnung-la-candelora\/#primaryimage"},"thumbnailUrl":"https:\/\/umbertoboschi.it\/wp-content\/uploads\/2021\/05\/featured_news_candelora.jpg","datePublished":"2021-05-27T08:58:06+00:00","dateModified":"2026-04-29T10:13:44+00:00","breadcrumb":{"@id":"https:\/\/umbertoboschi.it\/de\/news-de\/umberto-boschi-erhaelt-die-auszeichnung-la-candelora\/#breadcrumb"},"inLanguage":"de","potentialAction":[{"@type":"ReadAction","target":["https:\/\/umbertoboschi.it\/de\/news-de\/umberto-boschi-erhaelt-die-auszeichnung-la-candelora\/"]}]},{"@type":"ImageObject","inLanguage":"de","@id":"https:\/\/umbertoboschi.it\/de\/news-de\/umberto-boschi-erhaelt-die-auszeichnung-la-candelora\/#primaryimage","url":"https:\/\/umbertoboschi.it\/wp-content\/uploads\/2021\/05\/featured_news_candelora.jpg","contentUrl":"https:\/\/umbertoboschi.it\/wp-content\/uploads\/2021\/05\/featured_news_candelora.jpg","width":720,"height":960},{"@type":"BreadcrumbList","@id":"https:\/\/umbertoboschi.it\/de\/news-de\/umberto-boschi-erhaelt-die-auszeichnung-la-candelora\/#breadcrumb","itemListElement":[{"@type":"ListItem","position":1,"name":"Home","item":"https:\/\/umbertoboschi.it\/de\/"},{"@type":"ListItem","position":2,"name":"News-de","item":"https:\/\/umbertoboschi.it\/de\/category\/news-de\/"},{"@type":"ListItem","position":3,"name":"Umberto Boschi erh\u00e4lt die Auszeichnung \u201eLa Candelora\u201c"}]},{"@type":"WebSite","@id":"https:\/\/umbertoboschi.it\/#website","url":"https:\/\/umbertoboschi.it\/","name":"Cavalier Umberto Boschi","description":"","publisher":{"@id":"https:\/\/umbertoboschi.it\/#organization"},"potentialAction":[{"@type":"SearchAction","target":{"@type":"EntryPoint","urlTemplate":"https:\/\/umbertoboschi.it\/?s={search_term_string}"},"query-input":{"@type":"PropertyValueSpecification","valueRequired":true,"valueName":"search_term_string"}}],"inLanguage":"de"},{"@type":"Organization","@id":"https:\/\/umbertoboschi.it\/#organization","name":"Cavalier Umberto Boschi","url":"https:\/\/umbertoboschi.it\/","logo":{"@type":"ImageObject","inLanguage":"de","@id":"https:\/\/umbertoboschi.it\/#\/schema\/logo\/image\/","url":"https:\/\/umbertoboschi.it\/wp-content\/uploads\/2021\/03\/logo_boschi_adapt.svg","contentUrl":"https:\/\/umbertoboschi.it\/wp-content\/uploads\/2021\/03\/logo_boschi_adapt.svg","width":98.88,"height":170.62,"caption":"Cavalier Umberto Boschi"},"image":{"@id":"https:\/\/umbertoboschi.it\/#\/schema\/logo\/image\/"}},{"@type":"Person","@id":"https:\/\/umbertoboschi.it\/#\/schema\/person\/3c7d1879bd59797b080223f0ebd87e82","name":"qreactive","image":{"@type":"ImageObject","inLanguage":"de","@id":"https:\/\/secure.gravatar.com\/avatar\/5543d51269e9d374e437e627f98677ff14e3f804146c4dae9b1b7c6dd857ff02?s=96&d=mm&r=g","url":"https:\/\/secure.gravatar.com\/avatar\/5543d51269e9d374e437e627f98677ff14e3f804146c4dae9b1b7c6dd857ff02?s=96&d=mm&r=g","contentUrl":"https:\/\/secure.gravatar.com\/avatar\/5543d51269e9d374e437e627f98677ff14e3f804146c4dae9b1b7c6dd857ff02?s=96&d=mm&r=g","caption":"qreactive"},"sameAs":["http:\/\/umbertoboschi.it"],"url":"https:\/\/umbertoboschi.it\/de\/author\/qreactive\/"}]}},"_links":{"self":[{"href":"https:\/\/umbertoboschi.it\/de\/wp-json\/wp\/v2\/posts\/10187","targetHints":{"allow":["GET"]}}],"collection":[{"href":"https:\/\/umbertoboschi.it\/de\/wp-json\/wp\/v2\/posts"}],"about":[{"href":"https:\/\/umbertoboschi.it\/de\/wp-json\/wp\/v2\/types\/post"}],"author":[{"embeddable":true,"href":"https:\/\/umbertoboschi.it\/de\/wp-json\/wp\/v2\/users\/1"}],"replies":[{"embeddable":true,"href":"https:\/\/umbertoboschi.it\/de\/wp-json\/wp\/v2\/comments?post=10187"}],"version-history":[{"count":7,"href":"https:\/\/umbertoboschi.it\/de\/wp-json\/wp\/v2\/posts\/10187\/revisions"}],"predecessor-version":[{"id":12480,"href":"https:\/\/umbertoboschi.it\/de\/wp-json\/wp\/v2\/posts\/10187\/revisions\/12480"}],"wp:featuredmedia":[{"embeddable":true,"href":"https:\/\/umbertoboschi.it\/de\/wp-json\/wp\/v2\/media\/1256"}],"wp:attachment":[{"href":"https:\/\/umbertoboschi.it\/de\/wp-json\/wp\/v2\/media?parent=10187"}],"wp:term":[{"taxonomy":"category","embeddable":true,"href":"https:\/\/umbertoboschi.it\/de\/wp-json\/wp\/v2\/categories?post=10187"},{"taxonomy":"post_tag","embeddable":true,"href":"https:\/\/umbertoboschi.it\/de\/wp-json\/wp\/v2\/tags?post=10187"}],"curies":[{"name":"wp","href":"https:\/\/api.w.org\/{rel}","templated":true}]}}