{"id":10183,"date":"2021-11-03T08:52:20","date_gmt":"2021-11-03T08:52:20","guid":{"rendered":"http:\/\/umbertoboschi.it\/unkategorisiert\/cavalier-umberto-boschi-und-die-welt-der-biologischen-landwirtschaft\/"},"modified":"2026-04-29T10:13:54","modified_gmt":"2026-04-29T10:13:54","slug":"cavalier-umberto-boschi-und-die-welt-der-biologischen-landwirtschaft","status":"publish","type":"post","link":"https:\/\/umbertoboschi.it\/de\/news-de\/cavalier-umberto-boschi-und-die-welt-der-biologischen-landwirtschaft\/","title":{"rendered":"Cavalier Umberto Boschi und die Welt der biologischen Landwirtschaft"},"content":{"rendered":"\t\t<div data-elementor-type=\"wp-post\" data-elementor-id=\"10183\" class=\"elementor elementor-10183 elementor-1301\" data-elementor-post-type=\"post\">\n\t\t\t\t\t\t<section class=\"elementor-section elementor-top-section elementor-element elementor-element-c18117a elementor-section-boxed elementor-section-height-default elementor-section-height-default\" data-id=\"c18117a\" data-element_type=\"section\" data-settings=\"{&quot;jet_parallax_layout_list&quot;:[{&quot;jet_parallax_layout_image&quot;:{&quot;url&quot;:&quot;&quot;,&quot;id&quot;:&quot;&quot;,&quot;size&quot;:&quot;&quot;},&quot;_id&quot;:&quot;1c0a1eb&quot;,&quot;jet_parallax_layout_image_widescreen&quot;:{&quot;url&quot;:&quot;&quot;,&quot;id&quot;:&quot;&quot;,&quot;size&quot;:&quot;&quot;},&quot;jet_parallax_layout_image_laptop&quot;:{&quot;url&quot;:&quot;&quot;,&quot;id&quot;:&quot;&quot;,&quot;size&quot;:&quot;&quot;},&quot;jet_parallax_layout_image_tablet&quot;:{&quot;url&quot;:&quot;&quot;,&quot;id&quot;:&quot;&quot;,&quot;size&quot;:&quot;&quot;},&quot;jet_parallax_layout_image_mobile&quot;:{&quot;url&quot;:&quot;&quot;,&quot;id&quot;:&quot;&quot;,&quot;size&quot;:&quot;&quot;},&quot;jet_parallax_layout_speed&quot;:{&quot;unit&quot;:&quot;%&quot;,&quot;size&quot;:50,&quot;sizes&quot;:[]},&quot;jet_parallax_layout_type&quot;:&quot;scroll&quot;,&quot;jet_parallax_layout_direction&quot;:&quot;1&quot;,&quot;jet_parallax_layout_fx_direction&quot;:null,&quot;jet_parallax_layout_z_index&quot;:&quot;&quot;,&quot;jet_parallax_layout_bg_x&quot;:50,&quot;jet_parallax_layout_bg_x_widescreen&quot;:&quot;&quot;,&quot;jet_parallax_layout_bg_x_laptop&quot;:&quot;&quot;,&quot;jet_parallax_layout_bg_x_tablet&quot;:&quot;&quot;,&quot;jet_parallax_layout_bg_x_mobile&quot;:&quot;&quot;,&quot;jet_parallax_layout_bg_y&quot;:50,&quot;jet_parallax_layout_bg_y_widescreen&quot;:&quot;&quot;,&quot;jet_parallax_layout_bg_y_laptop&quot;:&quot;&quot;,&quot;jet_parallax_layout_bg_y_tablet&quot;:&quot;&quot;,&quot;jet_parallax_layout_bg_y_mobile&quot;:&quot;&quot;,&quot;jet_parallax_layout_bg_size&quot;:&quot;auto&quot;,&quot;jet_parallax_layout_bg_size_widescreen&quot;:&quot;&quot;,&quot;jet_parallax_layout_bg_size_laptop&quot;:&quot;&quot;,&quot;jet_parallax_layout_bg_size_tablet&quot;:&quot;&quot;,&quot;jet_parallax_layout_bg_size_mobile&quot;:&quot;&quot;,&quot;jet_parallax_layout_animation_prop&quot;:&quot;transform&quot;,&quot;jet_parallax_layout_on&quot;:[&quot;desktop&quot;,&quot;tablet&quot;]}]}\">\n\t\t\t\t\t\t<div class=\"elementor-container elementor-column-gap-default\">\n\t\t\t\t\t<div class=\"elementor-column elementor-col-100 elementor-top-column elementor-element elementor-element-dd394e0\" data-id=\"dd394e0\" data-element_type=\"column\">\n\t\t\t<div class=\"elementor-widget-wrap elementor-element-populated\">\n\t\t\t\t\t\t<div class=\"elementor-element elementor-element-861c3c8 elementor-widget elementor-widget-text-editor\" data-id=\"861c3c8\" data-element_type=\"widget\" data-widget_type=\"text-editor.default\">\n\t\t\t\t<div class=\"elementor-widget-container\">\n\t\t\t\t\t\t\t\t\t<p>Endlich, nach langen Monaten, \u00f6ffnen die Lebensmittelmessen langsam wieder ihre Tore f\u00fcr die \u00d6ffentlichkeit und unsere Sales Manager k\u00f6nnen unsere Kunden endlich wieder pers\u00f6nlich treffen. <\/p>\n<p>Die erste Veranstaltung, an der wir in diesem Jahr teilnehmen, ist die \u201eNord Organic Food Fair\u201c: Wir sind zum ersten Mal dabei und k\u00f6nnen es kaum erwarten.&nbsp;<\/p>\n<p>W\u00e4hrend der letzten Monate nutzten unsere erfahrenen Fachleute die Zeit und widmeten sich dem Thema \u201eBio\u201c. <\/p>\n<p>Vor allem seitens unserer ausl\u00e4ndischen Kunden besteht seit langem die Nachfrage nach einer Bio-Produktlinie, mit der die steigende Verbrauchernachfrage befriedigt werden soll \u2013 nun k\u00f6nnen wir sie endlich erf\u00fcllen.&nbsp;<\/p>\n<p>Die \u201eNord Organic Food Fair\u201c wird von derselben Organisation wie die \u201eNatural &amp; Organic\u201c-Expo in London organisiert und ist seit 2013 eine Referenz f\u00fcr Eink\u00e4ufer von Bioprodukten. Es ist kein Zufall, dass diese Messe in Skandinavien entstand, der Region mit dem weltweit h\u00f6chsten Verbrauch an Biolebensmitteln und -getr\u00e4nken. <\/p>\n<p>Unsere Produktreihe <em>Bio<\/em> bietet eine gro\u00dfe Auswahl an ganzen Wurstwaren und Aufschnitt, die den Kunden erkennbar die gleiche hohe Qualit\u00e4t bieten wie die klassische Produktreihe.&nbsp;<\/p><p>Kommen Sie uns besuchen: <strong>Nord Organic Food Fair, MalmoM\u00e4ssan, Schweden, 17. und 18. November, Stand J80.<\/strong><\/p>\t\t\t\t\t\t\t\t<\/div>\n\t\t\t\t<\/div>\n\t\t\t\t\t<\/div>\n\t\t<\/div>\n\t\t\t\t\t<\/div>\n\t\t<\/section>\n\t\t\t\t<\/div>\n\t\t","protected":false},"excerpt":{"rendered":"<p>Nord Organic Food Fair, 17. &#8211; 18. November 2021. Wir sind dabei! <\/p>\n","protected":false},"author":1,"featured_media":5826,"comment_status":"closed","ping_status":"open","sticky":false,"template":"","format":"standard","meta":{"footnotes":""},"categories":[129],"tags":[],"class_list":["post-10183","post","type-post","status-publish","format-standard","has-post-thumbnail","hentry","category-news-de"],"yoast_head":"<!-- This site is optimized with the Yoast SEO plugin v27.5 - https:\/\/yoast.com\/product\/yoast-seo-wordpress\/ -->\n<title>Cavalier Umberto Boschi und die Welt der biologischen Landwirtschaft - Cavalier Umberto Boschi<\/title>\n<meta name=\"robots\" content=\"index, follow, max-snippet:-1, max-image-preview:large, max-video-preview:-1\" \/>\n<link rel=\"canonical\" href=\"https:\/\/umbertoboschi.it\/de\/news-de\/cavalier-umberto-boschi-und-die-welt-der-biologischen-landwirtschaft\/\" \/>\n<meta property=\"og:locale\" content=\"de_DE\" \/>\n<meta property=\"og:type\" content=\"article\" \/>\n<meta property=\"og:title\" content=\"Cavalier Umberto Boschi und die Welt der biologischen Landwirtschaft - Cavalier Umberto Boschi\" \/>\n<meta property=\"og:description\" content=\"Nord Organic Food Fair, 17. - 18. November 2021. Wir sind dabei!\" \/>\n<meta property=\"og:url\" content=\"https:\/\/umbertoboschi.it\/de\/news-de\/cavalier-umberto-boschi-und-die-welt-der-biologischen-landwirtschaft\/\" \/>\n<meta property=\"og:site_name\" content=\"Cavalier Umberto Boschi\" \/>\n<meta property=\"article:published_time\" content=\"2021-11-03T08:52:20+00:00\" \/>\n<meta property=\"article:modified_time\" content=\"2026-04-29T10:13:54+00:00\" \/>\n<meta property=\"og:image\" content=\"http:\/\/umbertoboschi.it\/wp-content\/uploads\/2021\/11\/header_news_organic_food_fair.jpg\" \/>\n\t<meta property=\"og:image:width\" content=\"2200\" \/>\n\t<meta property=\"og:image:height\" content=\"1222\" \/>\n\t<meta property=\"og:image:type\" content=\"image\/jpeg\" \/>\n<meta name=\"author\" content=\"qreactive\" \/>\n<meta name=\"twitter:card\" content=\"summary_large_image\" \/>\n<meta name=\"twitter:label1\" content=\"Verfasst von\" \/>\n\t<meta name=\"twitter:data1\" content=\"qreactive\" \/>\n\t<meta name=\"twitter:label2\" content=\"Gesch\u00e4tzte Lesezeit\" \/>\n\t<meta name=\"twitter:data2\" content=\"2\u00a0Minuten\" \/>\n<script type=\"application\/ld+json\" class=\"yoast-schema-graph\">{\"@context\":\"https:\\\/\\\/schema.org\",\"@graph\":[{\"@type\":\"Article\",\"@id\":\"https:\\\/\\\/umbertoboschi.it\\\/de\\\/news-de\\\/cavalier-umberto-boschi-und-die-welt-der-biologischen-landwirtschaft\\\/#article\",\"isPartOf\":{\"@id\":\"https:\\\/\\\/umbertoboschi.it\\\/de\\\/news-de\\\/cavalier-umberto-boschi-und-die-welt-der-biologischen-landwirtschaft\\\/\"},\"author\":{\"name\":\"qreactive\",\"@id\":\"https:\\\/\\\/umbertoboschi.it\\\/#\\\/schema\\\/person\\\/3c7d1879bd59797b080223f0ebd87e82\"},\"headline\":\"Cavalier Umberto Boschi und die Welt der biologischen Landwirtschaft\",\"datePublished\":\"2021-11-03T08:52:20+00:00\",\"dateModified\":\"2026-04-29T10:13:54+00:00\",\"mainEntityOfPage\":{\"@id\":\"https:\\\/\\\/umbertoboschi.it\\\/de\\\/news-de\\\/cavalier-umberto-boschi-und-die-welt-der-biologischen-landwirtschaft\\\/\"},\"wordCount\":210,\"publisher\":{\"@id\":\"https:\\\/\\\/umbertoboschi.it\\\/#organization\"},\"image\":{\"@id\":\"https:\\\/\\\/umbertoboschi.it\\\/de\\\/news-de\\\/cavalier-umberto-boschi-und-die-welt-der-biologischen-landwirtschaft\\\/#primaryimage\"},\"thumbnailUrl\":\"https:\\\/\\\/umbertoboschi.it\\\/wp-content\\\/uploads\\\/2021\\\/11\\\/header_news_organic_food_fair.jpg\",\"articleSection\":[\"News-de\"],\"inLanguage\":\"de\"},{\"@type\":\"WebPage\",\"@id\":\"https:\\\/\\\/umbertoboschi.it\\\/de\\\/news-de\\\/cavalier-umberto-boschi-und-die-welt-der-biologischen-landwirtschaft\\\/\",\"url\":\"https:\\\/\\\/umbertoboschi.it\\\/de\\\/news-de\\\/cavalier-umberto-boschi-und-die-welt-der-biologischen-landwirtschaft\\\/\",\"name\":\"Cavalier Umberto Boschi und die Welt der biologischen Landwirtschaft - Cavalier Umberto Boschi\",\"isPartOf\":{\"@id\":\"https:\\\/\\\/umbertoboschi.it\\\/#website\"},\"primaryImageOfPage\":{\"@id\":\"https:\\\/\\\/umbertoboschi.it\\\/de\\\/news-de\\\/cavalier-umberto-boschi-und-die-welt-der-biologischen-landwirtschaft\\\/#primaryimage\"},\"image\":{\"@id\":\"https:\\\/\\\/umbertoboschi.it\\\/de\\\/news-de\\\/cavalier-umberto-boschi-und-die-welt-der-biologischen-landwirtschaft\\\/#primaryimage\"},\"thumbnailUrl\":\"https:\\\/\\\/umbertoboschi.it\\\/wp-content\\\/uploads\\\/2021\\\/11\\\/header_news_organic_food_fair.jpg\",\"datePublished\":\"2021-11-03T08:52:20+00:00\",\"dateModified\":\"2026-04-29T10:13:54+00:00\",\"breadcrumb\":{\"@id\":\"https:\\\/\\\/umbertoboschi.it\\\/de\\\/news-de\\\/cavalier-umberto-boschi-und-die-welt-der-biologischen-landwirtschaft\\\/#breadcrumb\"},\"inLanguage\":\"de\",\"potentialAction\":[{\"@type\":\"ReadAction\",\"target\":[\"https:\\\/\\\/umbertoboschi.it\\\/de\\\/news-de\\\/cavalier-umberto-boschi-und-die-welt-der-biologischen-landwirtschaft\\\/\"]}]},{\"@type\":\"ImageObject\",\"inLanguage\":\"de\",\"@id\":\"https:\\\/\\\/umbertoboschi.it\\\/de\\\/news-de\\\/cavalier-umberto-boschi-und-die-welt-der-biologischen-landwirtschaft\\\/#primaryimage\",\"url\":\"https:\\\/\\\/umbertoboschi.it\\\/wp-content\\\/uploads\\\/2021\\\/11\\\/header_news_organic_food_fair.jpg\",\"contentUrl\":\"https:\\\/\\\/umbertoboschi.it\\\/wp-content\\\/uploads\\\/2021\\\/11\\\/header_news_organic_food_fair.jpg\",\"width\":2200,\"height\":1222},{\"@type\":\"BreadcrumbList\",\"@id\":\"https:\\\/\\\/umbertoboschi.it\\\/de\\\/news-de\\\/cavalier-umberto-boschi-und-die-welt-der-biologischen-landwirtschaft\\\/#breadcrumb\",\"itemListElement\":[{\"@type\":\"ListItem\",\"position\":1,\"name\":\"Home\",\"item\":\"https:\\\/\\\/umbertoboschi.it\\\/de\\\/\"},{\"@type\":\"ListItem\",\"position\":2,\"name\":\"News-de\",\"item\":\"https:\\\/\\\/umbertoboschi.it\\\/de\\\/category\\\/news-de\\\/\"},{\"@type\":\"ListItem\",\"position\":3,\"name\":\"Cavalier Umberto Boschi und die Welt der biologischen Landwirtschaft\"}]},{\"@type\":\"WebSite\",\"@id\":\"https:\\\/\\\/umbertoboschi.it\\\/#website\",\"url\":\"https:\\\/\\\/umbertoboschi.it\\\/\",\"name\":\"Cavalier Umberto Boschi\",\"description\":\"\",\"publisher\":{\"@id\":\"https:\\\/\\\/umbertoboschi.it\\\/#organization\"},\"potentialAction\":[{\"@type\":\"SearchAction\",\"target\":{\"@type\":\"EntryPoint\",\"urlTemplate\":\"https:\\\/\\\/umbertoboschi.it\\\/?s={search_term_string}\"},\"query-input\":{\"@type\":\"PropertyValueSpecification\",\"valueRequired\":true,\"valueName\":\"search_term_string\"}}],\"inLanguage\":\"de\"},{\"@type\":\"Organization\",\"@id\":\"https:\\\/\\\/umbertoboschi.it\\\/#organization\",\"name\":\"Cavalier Umberto Boschi\",\"url\":\"https:\\\/\\\/umbertoboschi.it\\\/\",\"logo\":{\"@type\":\"ImageObject\",\"inLanguage\":\"de\",\"@id\":\"https:\\\/\\\/umbertoboschi.it\\\/#\\\/schema\\\/logo\\\/image\\\/\",\"url\":\"https:\\\/\\\/umbertoboschi.it\\\/wp-content\\\/uploads\\\/2021\\\/03\\\/logo_boschi_adapt.svg\",\"contentUrl\":\"https:\\\/\\\/umbertoboschi.it\\\/wp-content\\\/uploads\\\/2021\\\/03\\\/logo_boschi_adapt.svg\",\"width\":98.88,\"height\":170.62,\"caption\":\"Cavalier Umberto Boschi\"},\"image\":{\"@id\":\"https:\\\/\\\/umbertoboschi.it\\\/#\\\/schema\\\/logo\\\/image\\\/\"}},{\"@type\":\"Person\",\"@id\":\"https:\\\/\\\/umbertoboschi.it\\\/#\\\/schema\\\/person\\\/3c7d1879bd59797b080223f0ebd87e82\",\"name\":\"qreactive\",\"image\":{\"@type\":\"ImageObject\",\"inLanguage\":\"de\",\"@id\":\"https:\\\/\\\/secure.gravatar.com\\\/avatar\\\/5543d51269e9d374e437e627f98677ff14e3f804146c4dae9b1b7c6dd857ff02?s=96&d=mm&r=g\",\"url\":\"https:\\\/\\\/secure.gravatar.com\\\/avatar\\\/5543d51269e9d374e437e627f98677ff14e3f804146c4dae9b1b7c6dd857ff02?s=96&d=mm&r=g\",\"contentUrl\":\"https:\\\/\\\/secure.gravatar.com\\\/avatar\\\/5543d51269e9d374e437e627f98677ff14e3f804146c4dae9b1b7c6dd857ff02?s=96&d=mm&r=g\",\"caption\":\"qreactive\"},\"sameAs\":[\"http:\\\/\\\/umbertoboschi.it\"],\"url\":\"https:\\\/\\\/umbertoboschi.it\\\/de\\\/author\\\/qreactive\\\/\"}]}<\/script>\n<!-- \/ Yoast SEO plugin. -->","yoast_head_json":{"title":"Cavalier Umberto Boschi und die Welt der biologischen Landwirtschaft - Cavalier Umberto Boschi","robots":{"index":"index","follow":"follow","max-snippet":"max-snippet:-1","max-image-preview":"max-image-preview:large","max-video-preview":"max-video-preview:-1"},"canonical":"https:\/\/umbertoboschi.it\/de\/news-de\/cavalier-umberto-boschi-und-die-welt-der-biologischen-landwirtschaft\/","og_locale":"de_DE","og_type":"article","og_title":"Cavalier Umberto Boschi und die Welt der biologischen Landwirtschaft - Cavalier Umberto Boschi","og_description":"Nord Organic Food Fair, 17. - 18. November 2021. Wir sind dabei!","og_url":"https:\/\/umbertoboschi.it\/de\/news-de\/cavalier-umberto-boschi-und-die-welt-der-biologischen-landwirtschaft\/","og_site_name":"Cavalier Umberto Boschi","article_published_time":"2021-11-03T08:52:20+00:00","article_modified_time":"2026-04-29T10:13:54+00:00","og_image":[{"width":2200,"height":1222,"url":"http:\/\/umbertoboschi.it\/wp-content\/uploads\/2021\/11\/header_news_organic_food_fair.jpg","type":"image\/jpeg"}],"author":"qreactive","twitter_card":"summary_large_image","twitter_misc":{"Verfasst von":"qreactive","Gesch\u00e4tzte Lesezeit":"2\u00a0Minuten"},"schema":{"@context":"https:\/\/schema.org","@graph":[{"@type":"Article","@id":"https:\/\/umbertoboschi.it\/de\/news-de\/cavalier-umberto-boschi-und-die-welt-der-biologischen-landwirtschaft\/#article","isPartOf":{"@id":"https:\/\/umbertoboschi.it\/de\/news-de\/cavalier-umberto-boschi-und-die-welt-der-biologischen-landwirtschaft\/"},"author":{"name":"qreactive","@id":"https:\/\/umbertoboschi.it\/#\/schema\/person\/3c7d1879bd59797b080223f0ebd87e82"},"headline":"Cavalier Umberto Boschi und die Welt der biologischen Landwirtschaft","datePublished":"2021-11-03T08:52:20+00:00","dateModified":"2026-04-29T10:13:54+00:00","mainEntityOfPage":{"@id":"https:\/\/umbertoboschi.it\/de\/news-de\/cavalier-umberto-boschi-und-die-welt-der-biologischen-landwirtschaft\/"},"wordCount":210,"publisher":{"@id":"https:\/\/umbertoboschi.it\/#organization"},"image":{"@id":"https:\/\/umbertoboschi.it\/de\/news-de\/cavalier-umberto-boschi-und-die-welt-der-biologischen-landwirtschaft\/#primaryimage"},"thumbnailUrl":"https:\/\/umbertoboschi.it\/wp-content\/uploads\/2021\/11\/header_news_organic_food_fair.jpg","articleSection":["News-de"],"inLanguage":"de"},{"@type":"WebPage","@id":"https:\/\/umbertoboschi.it\/de\/news-de\/cavalier-umberto-boschi-und-die-welt-der-biologischen-landwirtschaft\/","url":"https:\/\/umbertoboschi.it\/de\/news-de\/cavalier-umberto-boschi-und-die-welt-der-biologischen-landwirtschaft\/","name":"Cavalier Umberto Boschi und die Welt der biologischen Landwirtschaft - Cavalier Umberto Boschi","isPartOf":{"@id":"https:\/\/umbertoboschi.it\/#website"},"primaryImageOfPage":{"@id":"https:\/\/umbertoboschi.it\/de\/news-de\/cavalier-umberto-boschi-und-die-welt-der-biologischen-landwirtschaft\/#primaryimage"},"image":{"@id":"https:\/\/umbertoboschi.it\/de\/news-de\/cavalier-umberto-boschi-und-die-welt-der-biologischen-landwirtschaft\/#primaryimage"},"thumbnailUrl":"https:\/\/umbertoboschi.it\/wp-content\/uploads\/2021\/11\/header_news_organic_food_fair.jpg","datePublished":"2021-11-03T08:52:20+00:00","dateModified":"2026-04-29T10:13:54+00:00","breadcrumb":{"@id":"https:\/\/umbertoboschi.it\/de\/news-de\/cavalier-umberto-boschi-und-die-welt-der-biologischen-landwirtschaft\/#breadcrumb"},"inLanguage":"de","potentialAction":[{"@type":"ReadAction","target":["https:\/\/umbertoboschi.it\/de\/news-de\/cavalier-umberto-boschi-und-die-welt-der-biologischen-landwirtschaft\/"]}]},{"@type":"ImageObject","inLanguage":"de","@id":"https:\/\/umbertoboschi.it\/de\/news-de\/cavalier-umberto-boschi-und-die-welt-der-biologischen-landwirtschaft\/#primaryimage","url":"https:\/\/umbertoboschi.it\/wp-content\/uploads\/2021\/11\/header_news_organic_food_fair.jpg","contentUrl":"https:\/\/umbertoboschi.it\/wp-content\/uploads\/2021\/11\/header_news_organic_food_fair.jpg","width":2200,"height":1222},{"@type":"BreadcrumbList","@id":"https:\/\/umbertoboschi.it\/de\/news-de\/cavalier-umberto-boschi-und-die-welt-der-biologischen-landwirtschaft\/#breadcrumb","itemListElement":[{"@type":"ListItem","position":1,"name":"Home","item":"https:\/\/umbertoboschi.it\/de\/"},{"@type":"ListItem","position":2,"name":"News-de","item":"https:\/\/umbertoboschi.it\/de\/category\/news-de\/"},{"@type":"ListItem","position":3,"name":"Cavalier Umberto Boschi und die Welt der biologischen Landwirtschaft"}]},{"@type":"WebSite","@id":"https:\/\/umbertoboschi.it\/#website","url":"https:\/\/umbertoboschi.it\/","name":"Cavalier Umberto Boschi","description":"","publisher":{"@id":"https:\/\/umbertoboschi.it\/#organization"},"potentialAction":[{"@type":"SearchAction","target":{"@type":"EntryPoint","urlTemplate":"https:\/\/umbertoboschi.it\/?s={search_term_string}"},"query-input":{"@type":"PropertyValueSpecification","valueRequired":true,"valueName":"search_term_string"}}],"inLanguage":"de"},{"@type":"Organization","@id":"https:\/\/umbertoboschi.it\/#organization","name":"Cavalier Umberto Boschi","url":"https:\/\/umbertoboschi.it\/","logo":{"@type":"ImageObject","inLanguage":"de","@id":"https:\/\/umbertoboschi.it\/#\/schema\/logo\/image\/","url":"https:\/\/umbertoboschi.it\/wp-content\/uploads\/2021\/03\/logo_boschi_adapt.svg","contentUrl":"https:\/\/umbertoboschi.it\/wp-content\/uploads\/2021\/03\/logo_boschi_adapt.svg","width":98.88,"height":170.62,"caption":"Cavalier Umberto Boschi"},"image":{"@id":"https:\/\/umbertoboschi.it\/#\/schema\/logo\/image\/"}},{"@type":"Person","@id":"https:\/\/umbertoboschi.it\/#\/schema\/person\/3c7d1879bd59797b080223f0ebd87e82","name":"qreactive","image":{"@type":"ImageObject","inLanguage":"de","@id":"https:\/\/secure.gravatar.com\/avatar\/5543d51269e9d374e437e627f98677ff14e3f804146c4dae9b1b7c6dd857ff02?s=96&d=mm&r=g","url":"https:\/\/secure.gravatar.com\/avatar\/5543d51269e9d374e437e627f98677ff14e3f804146c4dae9b1b7c6dd857ff02?s=96&d=mm&r=g","contentUrl":"https:\/\/secure.gravatar.com\/avatar\/5543d51269e9d374e437e627f98677ff14e3f804146c4dae9b1b7c6dd857ff02?s=96&d=mm&r=g","caption":"qreactive"},"sameAs":["http:\/\/umbertoboschi.it"],"url":"https:\/\/umbertoboschi.it\/de\/author\/qreactive\/"}]}},"_links":{"self":[{"href":"https:\/\/umbertoboschi.it\/de\/wp-json\/wp\/v2\/posts\/10183","targetHints":{"allow":["GET"]}}],"collection":[{"href":"https:\/\/umbertoboschi.it\/de\/wp-json\/wp\/v2\/posts"}],"about":[{"href":"https:\/\/umbertoboschi.it\/de\/wp-json\/wp\/v2\/types\/post"}],"author":[{"embeddable":true,"href":"https:\/\/umbertoboschi.it\/de\/wp-json\/wp\/v2\/users\/1"}],"replies":[{"embeddable":true,"href":"https:\/\/umbertoboschi.it\/de\/wp-json\/wp\/v2\/comments?post=10183"}],"version-history":[{"count":4,"href":"https:\/\/umbertoboschi.it\/de\/wp-json\/wp\/v2\/posts\/10183\/revisions"}],"predecessor-version":[{"id":10197,"href":"https:\/\/umbertoboschi.it\/de\/wp-json\/wp\/v2\/posts\/10183\/revisions\/10197"}],"wp:featuredmedia":[{"embeddable":true,"href":"https:\/\/umbertoboschi.it\/de\/wp-json\/wp\/v2\/media\/5826"}],"wp:attachment":[{"href":"https:\/\/umbertoboschi.it\/de\/wp-json\/wp\/v2\/media?parent=10183"}],"wp:term":[{"taxonomy":"category","embeddable":true,"href":"https:\/\/umbertoboschi.it\/de\/wp-json\/wp\/v2\/categories?post=10183"},{"taxonomy":"post_tag","embeddable":true,"href":"https:\/\/umbertoboschi.it\/de\/wp-json\/wp\/v2\/tags?post=10183"}],"curies":[{"name":"wp","href":"https:\/\/api.w.org\/{rel}","templated":true}]}}