{"id":10177,"date":"2022-05-23T08:44:25","date_gmt":"2022-05-23T08:44:25","guid":{"rendered":"http:\/\/umbertoboschi.it\/unkategorisiert\/cav-umberto-boschi-feiert-sein-100-jaehriges-firmenjubilaeum\/"},"modified":"2026-04-29T10:14:10","modified_gmt":"2026-04-29T10:14:10","slug":"cav-umberto-boschi-feiert-sein-100-jaehriges-firmenjubilaeum","status":"publish","type":"post","link":"https:\/\/umbertoboschi.it\/de\/news-de\/cav-umberto-boschi-feiert-sein-100-jaehriges-firmenjubilaeum\/","title":{"rendered":"Cav. Umberto Boschi feiert sein 100-j\u00e4hriges Firmenjubil\u00e4um"},"content":{"rendered":"\t\t<div data-elementor-type=\"wp-post\" data-elementor-id=\"10177\" class=\"elementor elementor-10177 elementor-6561\" data-elementor-post-type=\"post\">\n\t\t\t\t\t\t<section class=\"elementor-section elementor-top-section elementor-element elementor-element-c18117a elementor-section-boxed elementor-section-height-default elementor-section-height-default\" data-id=\"c18117a\" data-element_type=\"section\" data-settings=\"{&quot;jet_parallax_layout_list&quot;:[{&quot;jet_parallax_layout_image&quot;:{&quot;url&quot;:&quot;&quot;,&quot;id&quot;:&quot;&quot;,&quot;size&quot;:&quot;&quot;},&quot;_id&quot;:&quot;1c0a1eb&quot;,&quot;jet_parallax_layout_image_widescreen&quot;:{&quot;url&quot;:&quot;&quot;,&quot;id&quot;:&quot;&quot;,&quot;size&quot;:&quot;&quot;},&quot;jet_parallax_layout_image_laptop&quot;:{&quot;url&quot;:&quot;&quot;,&quot;id&quot;:&quot;&quot;,&quot;size&quot;:&quot;&quot;},&quot;jet_parallax_layout_image_tablet&quot;:{&quot;url&quot;:&quot;&quot;,&quot;id&quot;:&quot;&quot;,&quot;size&quot;:&quot;&quot;},&quot;jet_parallax_layout_image_mobile&quot;:{&quot;url&quot;:&quot;&quot;,&quot;id&quot;:&quot;&quot;,&quot;size&quot;:&quot;&quot;},&quot;jet_parallax_layout_speed&quot;:{&quot;unit&quot;:&quot;%&quot;,&quot;size&quot;:50,&quot;sizes&quot;:[]},&quot;jet_parallax_layout_type&quot;:&quot;scroll&quot;,&quot;jet_parallax_layout_direction&quot;:&quot;1&quot;,&quot;jet_parallax_layout_fx_direction&quot;:null,&quot;jet_parallax_layout_z_index&quot;:&quot;&quot;,&quot;jet_parallax_layout_bg_x&quot;:50,&quot;jet_parallax_layout_bg_x_widescreen&quot;:&quot;&quot;,&quot;jet_parallax_layout_bg_x_laptop&quot;:&quot;&quot;,&quot;jet_parallax_layout_bg_x_tablet&quot;:&quot;&quot;,&quot;jet_parallax_layout_bg_x_mobile&quot;:&quot;&quot;,&quot;jet_parallax_layout_bg_y&quot;:50,&quot;jet_parallax_layout_bg_y_widescreen&quot;:&quot;&quot;,&quot;jet_parallax_layout_bg_y_laptop&quot;:&quot;&quot;,&quot;jet_parallax_layout_bg_y_tablet&quot;:&quot;&quot;,&quot;jet_parallax_layout_bg_y_mobile&quot;:&quot;&quot;,&quot;jet_parallax_layout_bg_size&quot;:&quot;auto&quot;,&quot;jet_parallax_layout_bg_size_widescreen&quot;:&quot;&quot;,&quot;jet_parallax_layout_bg_size_laptop&quot;:&quot;&quot;,&quot;jet_parallax_layout_bg_size_tablet&quot;:&quot;&quot;,&quot;jet_parallax_layout_bg_size_mobile&quot;:&quot;&quot;,&quot;jet_parallax_layout_animation_prop&quot;:&quot;transform&quot;,&quot;jet_parallax_layout_on&quot;:[&quot;desktop&quot;,&quot;tablet&quot;]}]}\">\n\t\t\t\t\t\t<div class=\"elementor-container elementor-column-gap-default\">\n\t\t\t\t\t<div class=\"elementor-column elementor-col-100 elementor-top-column elementor-element elementor-element-dd394e0\" data-id=\"dd394e0\" data-element_type=\"column\">\n\t\t\t<div class=\"elementor-widget-wrap elementor-element-populated\">\n\t\t\t\t\t\t<div class=\"elementor-element elementor-element-861c3c8 elementor-widget elementor-widget-text-editor\" data-id=\"861c3c8\" data-element_type=\"widget\" data-widget_type=\"text-editor.default\">\n\t\t\t\t<div class=\"elementor-widget-container\">\n\t\t\t\t\t\t\t\t\t<p><span style=\"font-weight: 400;\">Der 4. Mai war ein besonderer und emotionaler Tag, denn an diesem Abend feierten wir vor der m\u00e4rchenhaften Kulisse des Castello di Felino das 100-j\u00e4hrige Jubil\u00e4um der Firma Cav. Umberto Boschi.&nbsp;<\/span><\/p>\n<p><span style=\"font-weight: 400;\">Kunden aus aller Welt, Mitarbeiter und Freunde sorgten f\u00fcr eine unvergessliche Feier \u2013 ohne sie h\u00e4tten wir diesen wichtigen Meilenstein nie erreicht.<\/span><\/p>\n<p><span style=\"font-weight: 400;\">Zum Schluss m\u00f6chten wir an jene denken, die vor uns da waren und all das m\u00f6glich gemacht haben: an den Gr\u00fcnder Umberto Boschi und seine Frau Rosa, die 1922 den Grundstein f\u00fcr unsere Geschichte legten, an ihre S\u00f6hne Renzo und Ettore, die das Unternehmen in den Jahren nach dem Krieg weiterf\u00fchrten, und an alle anderen, die im Laufe der Jahre mit uns zusammengearbeitet und uns unterst\u00fctzt haben.<\/span><\/p>\t\t\t\t\t\t\t\t<\/div>\n\t\t\t\t<\/div>\n\t\t\t\t<div class=\"elementor-element elementor-element-d53c4e7 elementor-widget elementor-widget-heading\" data-id=\"d53c4e7\" data-element_type=\"widget\" data-widget_type=\"heading.default\">\n\t\t\t\t<div class=\"elementor-widget-container\">\n\t\t\t\t\t<h3 class=\"elementor-heading-title elementor-size-default\">Sehen Sie hier das Video der Veranstaltung!<\/h3>\t\t\t\t<\/div>\n\t\t\t\t<\/div>\n\t\t\t\t<div class=\"elementor-element elementor-element-9121672 elementor-widget elementor-widget-video\" data-id=\"9121672\" data-element_type=\"widget\" data-settings=\"{&quot;video_type&quot;:&quot;vimeo&quot;}\" data-widget_type=\"video.default\">\n\t\t\t\t<div class=\"elementor-widget-container\">\n\t\t\t\t\t\t\t<div class=\"elementor-wrapper elementor-open-inline\">\n\t\t\t<iframe class=\"elementor-video-iframe\" allowfullscreen allow=\"clipboard-write\" title=\"vimeo Video Player\" src=\"https:\/\/player.vimeo.com\/video\/713171285?color&amp;autopause=0&amp;loop=0&amp;muted=0&amp;title=1&amp;portrait=1&amp;byline=1#t=\"><\/iframe>\t\t<\/div>\n\t\t\t\t\t\t<\/div>\n\t\t\t\t<\/div>\n\t\t\t\t<div class=\"elementor-element elementor-element-04e8c46 elementor-widget elementor-widget-video\" data-id=\"04e8c46\" data-element_type=\"widget\" data-settings=\"{&quot;video_type&quot;:&quot;vimeo&quot;}\" data-widget_type=\"video.default\">\n\t\t\t\t<div class=\"elementor-widget-container\">\n\t\t\t\t\t\t\t<div class=\"elementor-wrapper elementor-open-inline\">\n\t\t\t<iframe class=\"elementor-video-iframe\" allowfullscreen allow=\"clipboard-write\" title=\"vimeo Video Player\" src=\"https:\/\/player.vimeo.com\/video\/713178427?color&amp;autopause=0&amp;loop=0&amp;muted=0&amp;title=1&amp;portrait=1&amp;byline=1#t=\"><\/iframe>\t\t<\/div>\n\t\t\t\t\t\t<\/div>\n\t\t\t\t<\/div>\n\t\t\t\t<div class=\"elementor-element elementor-element-81ee241 elementor-widget elementor-widget-gallery\" data-id=\"81ee241\" data-element_type=\"widget\" data-settings=\"{&quot;gallery_layout&quot;:&quot;justified&quot;,&quot;ideal_row_height&quot;:{&quot;unit&quot;:&quot;px&quot;,&quot;size&quot;:320,&quot;sizes&quot;:[]},&quot;ideal_row_height_tablet&quot;:{&quot;unit&quot;:&quot;px&quot;,&quot;size&quot;:220,&quot;sizes&quot;:[]},&quot;ideal_row_height_mobile&quot;:{&quot;unit&quot;:&quot;px&quot;,&quot;size&quot;:180,&quot;sizes&quot;:[]},&quot;gap_mobile&quot;:{&quot;unit&quot;:&quot;px&quot;,&quot;size&quot;:7,&quot;sizes&quot;:[]},&quot;lazyload&quot;:&quot;yes&quot;,&quot;ideal_row_height_widescreen&quot;:{&quot;unit&quot;:&quot;px&quot;,&quot;size&quot;:&quot;&quot;,&quot;sizes&quot;:[]},&quot;ideal_row_height_laptop&quot;:{&quot;unit&quot;:&quot;px&quot;,&quot;size&quot;:150,&quot;sizes&quot;:[]},&quot;gap&quot;:{&quot;unit&quot;:&quot;px&quot;,&quot;size&quot;:10,&quot;sizes&quot;:[]},&quot;gap_widescreen&quot;:{&quot;unit&quot;:&quot;px&quot;,&quot;size&quot;:&quot;&quot;,&quot;sizes&quot;:[]},&quot;gap_laptop&quot;:{&quot;unit&quot;:&quot;px&quot;,&quot;size&quot;:10,&quot;sizes&quot;:[]},&quot;gap_tablet&quot;:{&quot;unit&quot;:&quot;px&quot;,&quot;size&quot;:10,&quot;sizes&quot;:[]},&quot;link_to&quot;:&quot;file&quot;,&quot;overlay_background&quot;:&quot;yes&quot;,&quot;content_hover_animation&quot;:&quot;fade-in&quot;}\" data-widget_type=\"gallery.default\">\n\t\t\t\t<div class=\"elementor-widget-container\">\n\t\t\t\t\t\t\t<div class=\"elementor-gallery__container\">\n\t\t\t\t\t\t\t<a class=\"e-gallery-item elementor-gallery-item elementor-animated-content\" href=\"https:\/\/umbertoboschi.it\/wp-content\/uploads\/2022\/05\/CavBoschi100_Aperitivo-53.jpg\" data-elementor-open-lightbox=\"yes\" data-elementor-lightbox-slideshow=\"81ee241\" data-e-action-hash=\"#elementor-action%3Aaction%3Dlightbox%26settings%3DeyJpZCI6ODA5OCwidXJsIjoiaHR0cHM6XC9cL3VtYmVydG9ib3NjaGkuaXRcL3dwLWNvbnRlbnRcL3VwbG9hZHNcLzIwMjJcLzA1XC9DYXZCb3NjaGkxMDBfQXBlcml0aXZvLTUzLmpwZyIsInNsaWRlc2hvdyI6IjgxZWUyNDEifQ%3D%3D\">\n\t\t\t\t\t<div class=\"e-gallery-image elementor-gallery-item__image\" data-thumbnail=\"https:\/\/umbertoboschi.it\/wp-content\/uploads\/2022\/05\/CavBoschi100_Aperitivo-53-768x513.jpg\" data-width=\"768\" data-height=\"513\" aria-label=\"\" role=\"img\" ><\/div>\n\t\t\t\t\t\t\t\t\t\t\t<div class=\"elementor-gallery-item__overlay\"><\/div>\n\t\t\t\t\t\t\t\t\t\t\t\t\t\t<\/a>\n\t\t\t\t\t\t\t<a class=\"e-gallery-item elementor-gallery-item elementor-animated-content\" href=\"https:\/\/umbertoboschi.it\/wp-content\/uploads\/2022\/05\/CavBoschi100_Aperitivo-59.jpg\" data-elementor-open-lightbox=\"yes\" data-elementor-lightbox-slideshow=\"81ee241\" data-e-action-hash=\"#elementor-action%3Aaction%3Dlightbox%26settings%3DeyJpZCI6ODEwMSwidXJsIjoiaHR0cHM6XC9cL3VtYmVydG9ib3NjaGkuaXRcL3dwLWNvbnRlbnRcL3VwbG9hZHNcLzIwMjJcLzA1XC9DYXZCb3NjaGkxMDBfQXBlcml0aXZvLTU5LmpwZyIsInNsaWRlc2hvdyI6IjgxZWUyNDEifQ%3D%3D\">\n\t\t\t\t\t<div class=\"e-gallery-image elementor-gallery-item__image\" data-thumbnail=\"https:\/\/umbertoboschi.it\/wp-content\/uploads\/2022\/05\/CavBoschi100_Aperitivo-59-768x513.jpg\" data-width=\"768\" data-height=\"513\" aria-label=\"\" role=\"img\" ><\/div>\n\t\t\t\t\t\t\t\t\t\t\t<div class=\"elementor-gallery-item__overlay\"><\/div>\n\t\t\t\t\t\t\t\t\t\t\t\t\t\t<\/a>\n\t\t\t\t\t\t\t<a class=\"e-gallery-item elementor-gallery-item elementor-animated-content\" href=\"https:\/\/umbertoboschi.it\/wp-content\/uploads\/2022\/05\/CavBoschi100_Aperitivo-60.jpg\" data-elementor-open-lightbox=\"yes\" data-elementor-lightbox-slideshow=\"81ee241\" data-e-action-hash=\"#elementor-action%3Aaction%3Dlightbox%26settings%3DeyJpZCI6ODEwNCwidXJsIjoiaHR0cHM6XC9cL3VtYmVydG9ib3NjaGkuaXRcL3dwLWNvbnRlbnRcL3VwbG9hZHNcLzIwMjJcLzA1XC9DYXZCb3NjaGkxMDBfQXBlcml0aXZvLTYwLmpwZyIsInNsaWRlc2hvdyI6IjgxZWUyNDEifQ%3D%3D\">\n\t\t\t\t\t<div class=\"e-gallery-image elementor-gallery-item__image\" data-thumbnail=\"https:\/\/umbertoboschi.it\/wp-content\/uploads\/2022\/05\/CavBoschi100_Aperitivo-60-768x512.jpg\" data-width=\"768\" data-height=\"512\" aria-label=\"\" role=\"img\" ><\/div>\n\t\t\t\t\t\t\t\t\t\t\t<div class=\"elementor-gallery-item__overlay\"><\/div>\n\t\t\t\t\t\t\t\t\t\t\t\t\t\t<\/a>\n\t\t\t\t\t\t\t<a class=\"e-gallery-item elementor-gallery-item elementor-animated-content\" href=\"https:\/\/umbertoboschi.it\/wp-content\/uploads\/2022\/05\/CavBoschi100_Aperitivo-62.jpg\" data-elementor-open-lightbox=\"yes\" data-elementor-lightbox-slideshow=\"81ee241\" data-e-action-hash=\"#elementor-action%3Aaction%3Dlightbox%26settings%3DeyJpZCI6ODEwNywidXJsIjoiaHR0cHM6XC9cL3VtYmVydG9ib3NjaGkuaXRcL3dwLWNvbnRlbnRcL3VwbG9hZHNcLzIwMjJcLzA1XC9DYXZCb3NjaGkxMDBfQXBlcml0aXZvLTYyLmpwZyIsInNsaWRlc2hvdyI6IjgxZWUyNDEifQ%3D%3D\">\n\t\t\t\t\t<div class=\"e-gallery-image elementor-gallery-item__image\" data-thumbnail=\"https:\/\/umbertoboschi.it\/wp-content\/uploads\/2022\/05\/CavBoschi100_Aperitivo-62-768x512.jpg\" data-width=\"768\" data-height=\"512\" aria-label=\"\" role=\"img\" ><\/div>\n\t\t\t\t\t\t\t\t\t\t\t<div class=\"elementor-gallery-item__overlay\"><\/div>\n\t\t\t\t\t\t\t\t\t\t\t\t\t\t<\/a>\n\t\t\t\t\t\t\t<a class=\"e-gallery-item elementor-gallery-item elementor-animated-content\" href=\"https:\/\/umbertoboschi.it\/wp-content\/uploads\/2022\/05\/CavBoschi100_Aperitivo-158.jpg\" data-elementor-open-lightbox=\"yes\" data-elementor-lightbox-slideshow=\"81ee241\" data-e-action-hash=\"#elementor-action%3Aaction%3Dlightbox%26settings%3DeyJpZCI6ODExMCwidXJsIjoiaHR0cHM6XC9cL3VtYmVydG9ib3NjaGkuaXRcL3dwLWNvbnRlbnRcL3VwbG9hZHNcLzIwMjJcLzA1XC9DYXZCb3NjaGkxMDBfQXBlcml0aXZvLTE1OC5qcGciLCJzbGlkZXNob3ciOiI4MWVlMjQxIn0%3D\">\n\t\t\t\t\t<div class=\"e-gallery-image elementor-gallery-item__image\" data-thumbnail=\"https:\/\/umbertoboschi.it\/wp-content\/uploads\/2022\/05\/CavBoschi100_Aperitivo-158-768x513.jpg\" data-width=\"768\" data-height=\"513\" aria-label=\"\" role=\"img\" ><\/div>\n\t\t\t\t\t\t\t\t\t\t\t<div class=\"elementor-gallery-item__overlay\"><\/div>\n\t\t\t\t\t\t\t\t\t\t\t\t\t\t<\/a>\n\t\t\t\t\t\t\t<a class=\"e-gallery-item elementor-gallery-item elementor-animated-content\" href=\"https:\/\/umbertoboschi.it\/wp-content\/uploads\/2022\/05\/CavBoschi100_Aperitivo-200.jpg\" data-elementor-open-lightbox=\"yes\" data-elementor-lightbox-slideshow=\"81ee241\" data-e-action-hash=\"#elementor-action%3Aaction%3Dlightbox%26settings%3DeyJpZCI6ODExMywidXJsIjoiaHR0cHM6XC9cL3VtYmVydG9ib3NjaGkuaXRcL3dwLWNvbnRlbnRcL3VwbG9hZHNcLzIwMjJcLzA1XC9DYXZCb3NjaGkxMDBfQXBlcml0aXZvLTIwMC5qcGciLCJzbGlkZXNob3ciOiI4MWVlMjQxIn0%3D\">\n\t\t\t\t\t<div class=\"e-gallery-image elementor-gallery-item__image\" data-thumbnail=\"https:\/\/umbertoboschi.it\/wp-content\/uploads\/2022\/05\/CavBoschi100_Aperitivo-200-768x513.jpg\" data-width=\"768\" data-height=\"513\" aria-label=\"\" role=\"img\" ><\/div>\n\t\t\t\t\t\t\t\t\t\t\t<div class=\"elementor-gallery-item__overlay\"><\/div>\n\t\t\t\t\t\t\t\t\t\t\t\t\t\t<\/a>\n\t\t\t\t\t\t\t<a class=\"e-gallery-item elementor-gallery-item elementor-animated-content\" href=\"https:\/\/umbertoboschi.it\/wp-content\/uploads\/2022\/05\/CavBoschi100_Cena-2.jpg\" data-elementor-open-lightbox=\"yes\" data-elementor-lightbox-slideshow=\"81ee241\" data-e-action-hash=\"#elementor-action%3Aaction%3Dlightbox%26settings%3DeyJpZCI6ODExNiwidXJsIjoiaHR0cHM6XC9cL3VtYmVydG9ib3NjaGkuaXRcL3dwLWNvbnRlbnRcL3VwbG9hZHNcLzIwMjJcLzA1XC9DYXZCb3NjaGkxMDBfQ2VuYS0yLmpwZyIsInNsaWRlc2hvdyI6IjgxZWUyNDEifQ%3D%3D\">\n\t\t\t\t\t<div class=\"e-gallery-image elementor-gallery-item__image\" data-thumbnail=\"https:\/\/umbertoboschi.it\/wp-content\/uploads\/2022\/05\/CavBoschi100_Cena-2-768x513.jpg\" data-width=\"768\" data-height=\"513\" aria-label=\"\" role=\"img\" ><\/div>\n\t\t\t\t\t\t\t\t\t\t\t<div class=\"elementor-gallery-item__overlay\"><\/div>\n\t\t\t\t\t\t\t\t\t\t\t\t\t\t<\/a>\n\t\t\t\t\t\t\t<a class=\"e-gallery-item elementor-gallery-item elementor-animated-content\" href=\"https:\/\/umbertoboschi.it\/wp-content\/uploads\/2022\/05\/CavBoschi100_Cena-25.jpg\" data-elementor-open-lightbox=\"yes\" data-elementor-lightbox-slideshow=\"81ee241\" data-e-action-hash=\"#elementor-action%3Aaction%3Dlightbox%26settings%3DeyJpZCI6ODExOSwidXJsIjoiaHR0cHM6XC9cL3VtYmVydG9ib3NjaGkuaXRcL3dwLWNvbnRlbnRcL3VwbG9hZHNcLzIwMjJcLzA1XC9DYXZCb3NjaGkxMDBfQ2VuYS0yNS5qcGciLCJzbGlkZXNob3ciOiI4MWVlMjQxIn0%3D\">\n\t\t\t\t\t<div class=\"e-gallery-image elementor-gallery-item__image\" data-thumbnail=\"https:\/\/umbertoboschi.it\/wp-content\/uploads\/2022\/05\/CavBoschi100_Cena-25-768x512.jpg\" data-width=\"768\" data-height=\"512\" aria-label=\"\" role=\"img\" ><\/div>\n\t\t\t\t\t\t\t\t\t\t\t<div class=\"elementor-gallery-item__overlay\"><\/div>\n\t\t\t\t\t\t\t\t\t\t\t\t\t\t<\/a>\n\t\t\t\t\t\t\t<a class=\"e-gallery-item elementor-gallery-item elementor-animated-content\" href=\"https:\/\/umbertoboschi.it\/wp-content\/uploads\/2022\/05\/CavBoschi100_Cena-37.jpg\" data-elementor-open-lightbox=\"yes\" data-elementor-lightbox-slideshow=\"81ee241\" data-e-action-hash=\"#elementor-action%3Aaction%3Dlightbox%26settings%3DeyJpZCI6ODEyMiwidXJsIjoiaHR0cHM6XC9cL3VtYmVydG9ib3NjaGkuaXRcL3dwLWNvbnRlbnRcL3VwbG9hZHNcLzIwMjJcLzA1XC9DYXZCb3NjaGkxMDBfQ2VuYS0zNy5qcGciLCJzbGlkZXNob3ciOiI4MWVlMjQxIn0%3D\">\n\t\t\t\t\t<div class=\"e-gallery-image elementor-gallery-item__image\" data-thumbnail=\"https:\/\/umbertoboschi.it\/wp-content\/uploads\/2022\/05\/CavBoschi100_Cena-37-768x512.jpg\" data-width=\"768\" data-height=\"512\" aria-label=\"\" role=\"img\" ><\/div>\n\t\t\t\t\t\t\t\t\t\t\t<div class=\"elementor-gallery-item__overlay\"><\/div>\n\t\t\t\t\t\t\t\t\t\t\t\t\t\t<\/a>\n\t\t\t\t\t\t\t<a class=\"e-gallery-item elementor-gallery-item elementor-animated-content\" href=\"https:\/\/umbertoboschi.it\/wp-content\/uploads\/2022\/05\/CavBoschi100_Cena-44.jpg\" data-elementor-open-lightbox=\"yes\" data-elementor-lightbox-slideshow=\"81ee241\" data-e-action-hash=\"#elementor-action%3Aaction%3Dlightbox%26settings%3DeyJpZCI6ODEyNSwidXJsIjoiaHR0cHM6XC9cL3VtYmVydG9ib3NjaGkuaXRcL3dwLWNvbnRlbnRcL3VwbG9hZHNcLzIwMjJcLzA1XC9DYXZCb3NjaGkxMDBfQ2VuYS00NC5qcGciLCJzbGlkZXNob3ciOiI4MWVlMjQxIn0%3D\">\n\t\t\t\t\t<div class=\"e-gallery-image elementor-gallery-item__image\" data-thumbnail=\"https:\/\/umbertoboschi.it\/wp-content\/uploads\/2022\/05\/CavBoschi100_Cena-44-768x512.jpg\" data-width=\"768\" data-height=\"512\" aria-label=\"\" role=\"img\" ><\/div>\n\t\t\t\t\t\t\t\t\t\t\t<div class=\"elementor-gallery-item__overlay\"><\/div>\n\t\t\t\t\t\t\t\t\t\t\t\t\t\t<\/a>\n\t\t\t\t\t\t\t<a class=\"e-gallery-item elementor-gallery-item elementor-animated-content\" href=\"https:\/\/umbertoboschi.it\/wp-content\/uploads\/2022\/05\/CavBoschi100_Cena-78.jpg\" data-elementor-open-lightbox=\"yes\" data-elementor-lightbox-slideshow=\"81ee241\" data-e-action-hash=\"#elementor-action%3Aaction%3Dlightbox%26settings%3DeyJpZCI6ODEyOCwidXJsIjoiaHR0cHM6XC9cL3VtYmVydG9ib3NjaGkuaXRcL3dwLWNvbnRlbnRcL3VwbG9hZHNcLzIwMjJcLzA1XC9DYXZCb3NjaGkxMDBfQ2VuYS03OC5qcGciLCJzbGlkZXNob3ciOiI4MWVlMjQxIn0%3D\">\n\t\t\t\t\t<div class=\"e-gallery-image elementor-gallery-item__image\" data-thumbnail=\"https:\/\/umbertoboschi.it\/wp-content\/uploads\/2022\/05\/CavBoschi100_Cena-78-768x512.jpg\" data-width=\"768\" data-height=\"512\" aria-label=\"\" role=\"img\" ><\/div>\n\t\t\t\t\t\t\t\t\t\t\t<div class=\"elementor-gallery-item__overlay\"><\/div>\n\t\t\t\t\t\t\t\t\t\t\t\t\t\t<\/a>\n\t\t\t\t\t\t\t<a class=\"e-gallery-item elementor-gallery-item elementor-animated-content\" href=\"https:\/\/umbertoboschi.it\/wp-content\/uploads\/2022\/05\/CavBoschi100_Cena-107.jpg\" data-elementor-open-lightbox=\"yes\" data-elementor-lightbox-slideshow=\"81ee241\" data-e-action-hash=\"#elementor-action%3Aaction%3Dlightbox%26settings%3DeyJpZCI6ODEzMSwidXJsIjoiaHR0cHM6XC9cL3VtYmVydG9ib3NjaGkuaXRcL3dwLWNvbnRlbnRcL3VwbG9hZHNcLzIwMjJcLzA1XC9DYXZCb3NjaGkxMDBfQ2VuYS0xMDcuanBnIiwic2xpZGVzaG93IjoiODFlZTI0MSJ9\">\n\t\t\t\t\t<div class=\"e-gallery-image elementor-gallery-item__image\" data-thumbnail=\"https:\/\/umbertoboschi.it\/wp-content\/uploads\/2022\/05\/CavBoschi100_Cena-107-768x513.jpg\" data-width=\"768\" data-height=\"513\" aria-label=\"\" role=\"img\" ><\/div>\n\t\t\t\t\t\t\t\t\t\t\t<div class=\"elementor-gallery-item__overlay\"><\/div>\n\t\t\t\t\t\t\t\t\t\t\t\t\t\t<\/a>\n\t\t\t\t\t\t\t<a class=\"e-gallery-item elementor-gallery-item elementor-animated-content\" href=\"https:\/\/umbertoboschi.it\/wp-content\/uploads\/2022\/05\/CavBoschi100_Cena-123.jpg\" data-elementor-open-lightbox=\"yes\" data-elementor-lightbox-slideshow=\"81ee241\" data-e-action-hash=\"#elementor-action%3Aaction%3Dlightbox%26settings%3DeyJpZCI6ODEzNCwidXJsIjoiaHR0cHM6XC9cL3VtYmVydG9ib3NjaGkuaXRcL3dwLWNvbnRlbnRcL3VwbG9hZHNcLzIwMjJcLzA1XC9DYXZCb3NjaGkxMDBfQ2VuYS0xMjMuanBnIiwic2xpZGVzaG93IjoiODFlZTI0MSJ9\">\n\t\t\t\t\t<div class=\"e-gallery-image elementor-gallery-item__image\" data-thumbnail=\"https:\/\/umbertoboschi.it\/wp-content\/uploads\/2022\/05\/CavBoschi100_Cena-123-768x512.jpg\" data-width=\"768\" data-height=\"512\" aria-label=\"\" role=\"img\" ><\/div>\n\t\t\t\t\t\t\t\t\t\t\t<div class=\"elementor-gallery-item__overlay\"><\/div>\n\t\t\t\t\t\t\t\t\t\t\t\t\t\t<\/a>\n\t\t\t\t\t\t\t<a class=\"e-gallery-item elementor-gallery-item elementor-animated-content\" href=\"https:\/\/umbertoboschi.it\/wp-content\/uploads\/2022\/05\/CavBoschi100_Cena-129.jpg\" data-elementor-open-lightbox=\"yes\" data-elementor-lightbox-slideshow=\"81ee241\" data-e-action-hash=\"#elementor-action%3Aaction%3Dlightbox%26settings%3DeyJpZCI6ODEzNywidXJsIjoiaHR0cHM6XC9cL3VtYmVydG9ib3NjaGkuaXRcL3dwLWNvbnRlbnRcL3VwbG9hZHNcLzIwMjJcLzA1XC9DYXZCb3NjaGkxMDBfQ2VuYS0xMjkuanBnIiwic2xpZGVzaG93IjoiODFlZTI0MSJ9\">\n\t\t\t\t\t<div class=\"e-gallery-image elementor-gallery-item__image\" data-thumbnail=\"https:\/\/umbertoboschi.it\/wp-content\/uploads\/2022\/05\/CavBoschi100_Cena-129-768x512.jpg\" data-width=\"768\" data-height=\"512\" aria-label=\"\" role=\"img\" ><\/div>\n\t\t\t\t\t\t\t\t\t\t\t<div class=\"elementor-gallery-item__overlay\"><\/div>\n\t\t\t\t\t\t\t\t\t\t\t\t\t\t<\/a>\n\t\t\t\t\t\t\t<a class=\"e-gallery-item elementor-gallery-item elementor-animated-content\" href=\"https:\/\/umbertoboschi.it\/wp-content\/uploads\/2022\/05\/CavBoschi100_Dopocena-21.jpg\" data-elementor-open-lightbox=\"yes\" data-elementor-lightbox-slideshow=\"81ee241\" data-e-action-hash=\"#elementor-action%3Aaction%3Dlightbox%26settings%3DeyJpZCI6ODE0MCwidXJsIjoiaHR0cHM6XC9cL3VtYmVydG9ib3NjaGkuaXRcL3dwLWNvbnRlbnRcL3VwbG9hZHNcLzIwMjJcLzA1XC9DYXZCb3NjaGkxMDBfRG9wb2NlbmEtMjEuanBnIiwic2xpZGVzaG93IjoiODFlZTI0MSJ9\">\n\t\t\t\t\t<div class=\"e-gallery-image elementor-gallery-item__image\" data-thumbnail=\"https:\/\/umbertoboschi.it\/wp-content\/uploads\/2022\/05\/CavBoschi100_Dopocena-21-768x512.jpg\" data-width=\"768\" data-height=\"512\" aria-label=\"\" role=\"img\" ><\/div>\n\t\t\t\t\t\t\t\t\t\t\t<div class=\"elementor-gallery-item__overlay\"><\/div>\n\t\t\t\t\t\t\t\t\t\t\t\t\t\t<\/a>\n\t\t\t\t\t\t\t<a class=\"e-gallery-item elementor-gallery-item elementor-animated-content\" href=\"https:\/\/umbertoboschi.it\/wp-content\/uploads\/2022\/05\/CavBoschi100_Dopocena-25.jpg\" data-elementor-open-lightbox=\"yes\" data-elementor-lightbox-slideshow=\"81ee241\" data-e-action-hash=\"#elementor-action%3Aaction%3Dlightbox%26settings%3DeyJpZCI6ODE0MywidXJsIjoiaHR0cHM6XC9cL3VtYmVydG9ib3NjaGkuaXRcL3dwLWNvbnRlbnRcL3VwbG9hZHNcLzIwMjJcLzA1XC9DYXZCb3NjaGkxMDBfRG9wb2NlbmEtMjUuanBnIiwic2xpZGVzaG93IjoiODFlZTI0MSJ9\">\n\t\t\t\t\t<div class=\"e-gallery-image elementor-gallery-item__image\" data-thumbnail=\"https:\/\/umbertoboschi.it\/wp-content\/uploads\/2022\/05\/CavBoschi100_Dopocena-25-768x512.jpg\" data-width=\"768\" data-height=\"512\" aria-label=\"\" role=\"img\" ><\/div>\n\t\t\t\t\t\t\t\t\t\t\t<div class=\"elementor-gallery-item__overlay\"><\/div>\n\t\t\t\t\t\t\t\t\t\t\t\t\t\t<\/a>\n\t\t\t\t\t\t\t<a class=\"e-gallery-item elementor-gallery-item elementor-animated-content\" href=\"https:\/\/umbertoboschi.it\/wp-content\/uploads\/2022\/05\/CavBoschi100_Dopocena-56.jpg\" data-elementor-open-lightbox=\"yes\" data-elementor-lightbox-slideshow=\"81ee241\" data-e-action-hash=\"#elementor-action%3Aaction%3Dlightbox%26settings%3DeyJpZCI6ODE0NiwidXJsIjoiaHR0cHM6XC9cL3VtYmVydG9ib3NjaGkuaXRcL3dwLWNvbnRlbnRcL3VwbG9hZHNcLzIwMjJcLzA1XC9DYXZCb3NjaGkxMDBfRG9wb2NlbmEtNTYuanBnIiwic2xpZGVzaG93IjoiODFlZTI0MSJ9\">\n\t\t\t\t\t<div class=\"e-gallery-image elementor-gallery-item__image\" data-thumbnail=\"https:\/\/umbertoboschi.it\/wp-content\/uploads\/2022\/05\/CavBoschi100_Dopocena-56-768x512.jpg\" data-width=\"768\" data-height=\"512\" aria-label=\"\" role=\"img\" ><\/div>\n\t\t\t\t\t\t\t\t\t\t\t<div class=\"elementor-gallery-item__overlay\"><\/div>\n\t\t\t\t\t\t\t\t\t\t\t\t\t\t<\/a>\n\t\t\t\t\t\t\t<a class=\"e-gallery-item elementor-gallery-item elementor-animated-content\" href=\"https:\/\/umbertoboschi.it\/wp-content\/uploads\/2022\/05\/CavBoschi100_Dopocena-60.jpg\" data-elementor-open-lightbox=\"yes\" data-elementor-lightbox-slideshow=\"81ee241\" data-e-action-hash=\"#elementor-action%3Aaction%3Dlightbox%26settings%3DeyJpZCI6ODE0OSwidXJsIjoiaHR0cHM6XC9cL3VtYmVydG9ib3NjaGkuaXRcL3dwLWNvbnRlbnRcL3VwbG9hZHNcLzIwMjJcLzA1XC9DYXZCb3NjaGkxMDBfRG9wb2NlbmEtNjAuanBnIiwic2xpZGVzaG93IjoiODFlZTI0MSJ9\">\n\t\t\t\t\t<div class=\"e-gallery-image elementor-gallery-item__image\" data-thumbnail=\"https:\/\/umbertoboschi.it\/wp-content\/uploads\/2022\/05\/CavBoschi100_Dopocena-60-768x512.jpg\" data-width=\"768\" data-height=\"512\" aria-label=\"\" role=\"img\" ><\/div>\n\t\t\t\t\t\t\t\t\t\t\t<div class=\"elementor-gallery-item__overlay\"><\/div>\n\t\t\t\t\t\t\t\t\t\t\t\t\t\t<\/a>\n\t\t\t\t\t<\/div>\n\t\t\t\t\t<\/div>\n\t\t\t\t<\/div>\n\t\t\t\t\t<\/div>\n\t\t<\/div>\n\t\t\t\t\t<\/div>\n\t\t<\/section>\n\t\t\t\t<\/div>\n\t\t","protected":false},"excerpt":{"rendered":"<p>Ein besonderer Abend f\u00fcr einen wichtigen Meilenstein<\/p>\n","protected":false},"author":1,"featured_media":8101,"comment_status":"closed","ping_status":"open","sticky":false,"template":"","format":"standard","meta":{"footnotes":""},"categories":[129],"tags":[],"class_list":["post-10177","post","type-post","status-publish","format-standard","has-post-thumbnail","hentry","category-news-de"],"yoast_head":"<!-- This site is optimized with the Yoast SEO plugin v27.5 - https:\/\/yoast.com\/product\/yoast-seo-wordpress\/ -->\n<title>Cav. Umberto Boschi feiert sein 100-j\u00e4hriges Firmenjubil\u00e4um - Cavalier Umberto Boschi<\/title>\n<meta name=\"robots\" content=\"index, follow, max-snippet:-1, max-image-preview:large, max-video-preview:-1\" \/>\n<link rel=\"canonical\" href=\"https:\/\/umbertoboschi.it\/de\/news-de\/cav-umberto-boschi-feiert-sein-100-jaehriges-firmenjubilaeum\/\" \/>\n<meta property=\"og:locale\" content=\"de_DE\" \/>\n<meta property=\"og:type\" content=\"article\" \/>\n<meta property=\"og:title\" content=\"Cav. Umberto Boschi feiert sein 100-j\u00e4hriges Firmenjubil\u00e4um - Cavalier Umberto Boschi\" \/>\n<meta property=\"og:description\" content=\"Ein besonderer Abend f\u00fcr einen wichtigen Meilenstein\" \/>\n<meta property=\"og:url\" content=\"https:\/\/umbertoboschi.it\/de\/news-de\/cav-umberto-boschi-feiert-sein-100-jaehriges-firmenjubilaeum\/\" \/>\n<meta property=\"og:site_name\" content=\"Cavalier Umberto Boschi\" \/>\n<meta property=\"article:published_time\" content=\"2022-05-23T08:44:25+00:00\" \/>\n<meta property=\"article:modified_time\" content=\"2026-04-29T10:14:10+00:00\" \/>\n<meta property=\"og:image\" content=\"http:\/\/umbertoboschi.it\/wp-content\/uploads\/2022\/05\/CavBoschi100_Aperitivo-59.jpg\" \/>\n\t<meta property=\"og:image:width\" content=\"2048\" \/>\n\t<meta property=\"og:image:height\" content=\"1367\" \/>\n\t<meta property=\"og:image:type\" content=\"image\/jpeg\" \/>\n<meta name=\"author\" content=\"qreactive\" \/>\n<meta name=\"twitter:card\" content=\"summary_large_image\" \/>\n<meta name=\"twitter:label1\" content=\"Verfasst von\" \/>\n\t<meta name=\"twitter:data1\" content=\"qreactive\" \/>\n\t<meta name=\"twitter:label2\" content=\"Gesch\u00e4tzte Lesezeit\" \/>\n\t<meta name=\"twitter:data2\" content=\"1\u00a0Minute\" \/>\n<script type=\"application\/ld+json\" class=\"yoast-schema-graph\">{\"@context\":\"https:\\\/\\\/schema.org\",\"@graph\":[{\"@type\":\"Article\",\"@id\":\"https:\\\/\\\/umbertoboschi.it\\\/de\\\/news-de\\\/cav-umberto-boschi-feiert-sein-100-jaehriges-firmenjubilaeum\\\/#article\",\"isPartOf\":{\"@id\":\"https:\\\/\\\/umbertoboschi.it\\\/de\\\/news-de\\\/cav-umberto-boschi-feiert-sein-100-jaehriges-firmenjubilaeum\\\/\"},\"author\":{\"name\":\"qreactive\",\"@id\":\"https:\\\/\\\/umbertoboschi.it\\\/#\\\/schema\\\/person\\\/3c7d1879bd59797b080223f0ebd87e82\"},\"headline\":\"Cav. Umberto Boschi feiert sein 100-j\u00e4hriges Firmenjubil\u00e4um\",\"datePublished\":\"2022-05-23T08:44:25+00:00\",\"dateModified\":\"2026-04-29T10:14:10+00:00\",\"mainEntityOfPage\":{\"@id\":\"https:\\\/\\\/umbertoboschi.it\\\/de\\\/news-de\\\/cav-umberto-boschi-feiert-sein-100-jaehriges-firmenjubilaeum\\\/\"},\"wordCount\":152,\"publisher\":{\"@id\":\"https:\\\/\\\/umbertoboschi.it\\\/#organization\"},\"image\":{\"@id\":\"https:\\\/\\\/umbertoboschi.it\\\/de\\\/news-de\\\/cav-umberto-boschi-feiert-sein-100-jaehriges-firmenjubilaeum\\\/#primaryimage\"},\"thumbnailUrl\":\"https:\\\/\\\/umbertoboschi.it\\\/wp-content\\\/uploads\\\/2022\\\/05\\\/CavBoschi100_Aperitivo-59.jpg\",\"articleSection\":[\"News-de\"],\"inLanguage\":\"de\"},{\"@type\":\"WebPage\",\"@id\":\"https:\\\/\\\/umbertoboschi.it\\\/de\\\/news-de\\\/cav-umberto-boschi-feiert-sein-100-jaehriges-firmenjubilaeum\\\/\",\"url\":\"https:\\\/\\\/umbertoboschi.it\\\/de\\\/news-de\\\/cav-umberto-boschi-feiert-sein-100-jaehriges-firmenjubilaeum\\\/\",\"name\":\"Cav. Umberto Boschi feiert sein 100-j\u00e4hriges Firmenjubil\u00e4um - Cavalier Umberto Boschi\",\"isPartOf\":{\"@id\":\"https:\\\/\\\/umbertoboschi.it\\\/#website\"},\"primaryImageOfPage\":{\"@id\":\"https:\\\/\\\/umbertoboschi.it\\\/de\\\/news-de\\\/cav-umberto-boschi-feiert-sein-100-jaehriges-firmenjubilaeum\\\/#primaryimage\"},\"image\":{\"@id\":\"https:\\\/\\\/umbertoboschi.it\\\/de\\\/news-de\\\/cav-umberto-boschi-feiert-sein-100-jaehriges-firmenjubilaeum\\\/#primaryimage\"},\"thumbnailUrl\":\"https:\\\/\\\/umbertoboschi.it\\\/wp-content\\\/uploads\\\/2022\\\/05\\\/CavBoschi100_Aperitivo-59.jpg\",\"datePublished\":\"2022-05-23T08:44:25+00:00\",\"dateModified\":\"2026-04-29T10:14:10+00:00\",\"breadcrumb\":{\"@id\":\"https:\\\/\\\/umbertoboschi.it\\\/de\\\/news-de\\\/cav-umberto-boschi-feiert-sein-100-jaehriges-firmenjubilaeum\\\/#breadcrumb\"},\"inLanguage\":\"de\",\"potentialAction\":[{\"@type\":\"ReadAction\",\"target\":[\"https:\\\/\\\/umbertoboschi.it\\\/de\\\/news-de\\\/cav-umberto-boschi-feiert-sein-100-jaehriges-firmenjubilaeum\\\/\"]}]},{\"@type\":\"ImageObject\",\"inLanguage\":\"de\",\"@id\":\"https:\\\/\\\/umbertoboschi.it\\\/de\\\/news-de\\\/cav-umberto-boschi-feiert-sein-100-jaehriges-firmenjubilaeum\\\/#primaryimage\",\"url\":\"https:\\\/\\\/umbertoboschi.it\\\/wp-content\\\/uploads\\\/2022\\\/05\\\/CavBoschi100_Aperitivo-59.jpg\",\"contentUrl\":\"https:\\\/\\\/umbertoboschi.it\\\/wp-content\\\/uploads\\\/2022\\\/05\\\/CavBoschi100_Aperitivo-59.jpg\",\"width\":2048,\"height\":1367},{\"@type\":\"BreadcrumbList\",\"@id\":\"https:\\\/\\\/umbertoboschi.it\\\/de\\\/news-de\\\/cav-umberto-boschi-feiert-sein-100-jaehriges-firmenjubilaeum\\\/#breadcrumb\",\"itemListElement\":[{\"@type\":\"ListItem\",\"position\":1,\"name\":\"Home\",\"item\":\"https:\\\/\\\/umbertoboschi.it\\\/de\\\/\"},{\"@type\":\"ListItem\",\"position\":2,\"name\":\"News-de\",\"item\":\"https:\\\/\\\/umbertoboschi.it\\\/de\\\/category\\\/news-de\\\/\"},{\"@type\":\"ListItem\",\"position\":3,\"name\":\"Cav. Umberto Boschi feiert sein 100-j\u00e4hriges Firmenjubil\u00e4um\"}]},{\"@type\":\"WebSite\",\"@id\":\"https:\\\/\\\/umbertoboschi.it\\\/#website\",\"url\":\"https:\\\/\\\/umbertoboschi.it\\\/\",\"name\":\"Cavalier Umberto Boschi\",\"description\":\"\",\"publisher\":{\"@id\":\"https:\\\/\\\/umbertoboschi.it\\\/#organization\"},\"potentialAction\":[{\"@type\":\"SearchAction\",\"target\":{\"@type\":\"EntryPoint\",\"urlTemplate\":\"https:\\\/\\\/umbertoboschi.it\\\/?s={search_term_string}\"},\"query-input\":{\"@type\":\"PropertyValueSpecification\",\"valueRequired\":true,\"valueName\":\"search_term_string\"}}],\"inLanguage\":\"de\"},{\"@type\":\"Organization\",\"@id\":\"https:\\\/\\\/umbertoboschi.it\\\/#organization\",\"name\":\"Cavalier Umberto Boschi\",\"url\":\"https:\\\/\\\/umbertoboschi.it\\\/\",\"logo\":{\"@type\":\"ImageObject\",\"inLanguage\":\"de\",\"@id\":\"https:\\\/\\\/umbertoboschi.it\\\/#\\\/schema\\\/logo\\\/image\\\/\",\"url\":\"https:\\\/\\\/umbertoboschi.it\\\/wp-content\\\/uploads\\\/2021\\\/03\\\/logo_boschi_adapt.svg\",\"contentUrl\":\"https:\\\/\\\/umbertoboschi.it\\\/wp-content\\\/uploads\\\/2021\\\/03\\\/logo_boschi_adapt.svg\",\"width\":98.88,\"height\":170.62,\"caption\":\"Cavalier Umberto Boschi\"},\"image\":{\"@id\":\"https:\\\/\\\/umbertoboschi.it\\\/#\\\/schema\\\/logo\\\/image\\\/\"}},{\"@type\":\"Person\",\"@id\":\"https:\\\/\\\/umbertoboschi.it\\\/#\\\/schema\\\/person\\\/3c7d1879bd59797b080223f0ebd87e82\",\"name\":\"qreactive\",\"image\":{\"@type\":\"ImageObject\",\"inLanguage\":\"de\",\"@id\":\"https:\\\/\\\/secure.gravatar.com\\\/avatar\\\/5543d51269e9d374e437e627f98677ff14e3f804146c4dae9b1b7c6dd857ff02?s=96&d=mm&r=g\",\"url\":\"https:\\\/\\\/secure.gravatar.com\\\/avatar\\\/5543d51269e9d374e437e627f98677ff14e3f804146c4dae9b1b7c6dd857ff02?s=96&d=mm&r=g\",\"contentUrl\":\"https:\\\/\\\/secure.gravatar.com\\\/avatar\\\/5543d51269e9d374e437e627f98677ff14e3f804146c4dae9b1b7c6dd857ff02?s=96&d=mm&r=g\",\"caption\":\"qreactive\"},\"sameAs\":[\"http:\\\/\\\/umbertoboschi.it\"],\"url\":\"https:\\\/\\\/umbertoboschi.it\\\/de\\\/author\\\/qreactive\\\/\"}]}<\/script>\n<!-- \/ Yoast SEO plugin. -->","yoast_head_json":{"title":"Cav. Umberto Boschi feiert sein 100-j\u00e4hriges Firmenjubil\u00e4um - Cavalier Umberto Boschi","robots":{"index":"index","follow":"follow","max-snippet":"max-snippet:-1","max-image-preview":"max-image-preview:large","max-video-preview":"max-video-preview:-1"},"canonical":"https:\/\/umbertoboschi.it\/de\/news-de\/cav-umberto-boschi-feiert-sein-100-jaehriges-firmenjubilaeum\/","og_locale":"de_DE","og_type":"article","og_title":"Cav. Umberto Boschi feiert sein 100-j\u00e4hriges Firmenjubil\u00e4um - Cavalier Umberto Boschi","og_description":"Ein besonderer Abend f\u00fcr einen wichtigen Meilenstein","og_url":"https:\/\/umbertoboschi.it\/de\/news-de\/cav-umberto-boschi-feiert-sein-100-jaehriges-firmenjubilaeum\/","og_site_name":"Cavalier Umberto Boschi","article_published_time":"2022-05-23T08:44:25+00:00","article_modified_time":"2026-04-29T10:14:10+00:00","og_image":[{"width":2048,"height":1367,"url":"http:\/\/umbertoboschi.it\/wp-content\/uploads\/2022\/05\/CavBoschi100_Aperitivo-59.jpg","type":"image\/jpeg"}],"author":"qreactive","twitter_card":"summary_large_image","twitter_misc":{"Verfasst von":"qreactive","Gesch\u00e4tzte Lesezeit":"1\u00a0Minute"},"schema":{"@context":"https:\/\/schema.org","@graph":[{"@type":"Article","@id":"https:\/\/umbertoboschi.it\/de\/news-de\/cav-umberto-boschi-feiert-sein-100-jaehriges-firmenjubilaeum\/#article","isPartOf":{"@id":"https:\/\/umbertoboschi.it\/de\/news-de\/cav-umberto-boschi-feiert-sein-100-jaehriges-firmenjubilaeum\/"},"author":{"name":"qreactive","@id":"https:\/\/umbertoboschi.it\/#\/schema\/person\/3c7d1879bd59797b080223f0ebd87e82"},"headline":"Cav. Umberto Boschi feiert sein 100-j\u00e4hriges Firmenjubil\u00e4um","datePublished":"2022-05-23T08:44:25+00:00","dateModified":"2026-04-29T10:14:10+00:00","mainEntityOfPage":{"@id":"https:\/\/umbertoboschi.it\/de\/news-de\/cav-umberto-boschi-feiert-sein-100-jaehriges-firmenjubilaeum\/"},"wordCount":152,"publisher":{"@id":"https:\/\/umbertoboschi.it\/#organization"},"image":{"@id":"https:\/\/umbertoboschi.it\/de\/news-de\/cav-umberto-boschi-feiert-sein-100-jaehriges-firmenjubilaeum\/#primaryimage"},"thumbnailUrl":"https:\/\/umbertoboschi.it\/wp-content\/uploads\/2022\/05\/CavBoschi100_Aperitivo-59.jpg","articleSection":["News-de"],"inLanguage":"de"},{"@type":"WebPage","@id":"https:\/\/umbertoboschi.it\/de\/news-de\/cav-umberto-boschi-feiert-sein-100-jaehriges-firmenjubilaeum\/","url":"https:\/\/umbertoboschi.it\/de\/news-de\/cav-umberto-boschi-feiert-sein-100-jaehriges-firmenjubilaeum\/","name":"Cav. Umberto Boschi feiert sein 100-j\u00e4hriges Firmenjubil\u00e4um - Cavalier Umberto Boschi","isPartOf":{"@id":"https:\/\/umbertoboschi.it\/#website"},"primaryImageOfPage":{"@id":"https:\/\/umbertoboschi.it\/de\/news-de\/cav-umberto-boschi-feiert-sein-100-jaehriges-firmenjubilaeum\/#primaryimage"},"image":{"@id":"https:\/\/umbertoboschi.it\/de\/news-de\/cav-umberto-boschi-feiert-sein-100-jaehriges-firmenjubilaeum\/#primaryimage"},"thumbnailUrl":"https:\/\/umbertoboschi.it\/wp-content\/uploads\/2022\/05\/CavBoschi100_Aperitivo-59.jpg","datePublished":"2022-05-23T08:44:25+00:00","dateModified":"2026-04-29T10:14:10+00:00","breadcrumb":{"@id":"https:\/\/umbertoboschi.it\/de\/news-de\/cav-umberto-boschi-feiert-sein-100-jaehriges-firmenjubilaeum\/#breadcrumb"},"inLanguage":"de","potentialAction":[{"@type":"ReadAction","target":["https:\/\/umbertoboschi.it\/de\/news-de\/cav-umberto-boschi-feiert-sein-100-jaehriges-firmenjubilaeum\/"]}]},{"@type":"ImageObject","inLanguage":"de","@id":"https:\/\/umbertoboschi.it\/de\/news-de\/cav-umberto-boschi-feiert-sein-100-jaehriges-firmenjubilaeum\/#primaryimage","url":"https:\/\/umbertoboschi.it\/wp-content\/uploads\/2022\/05\/CavBoschi100_Aperitivo-59.jpg","contentUrl":"https:\/\/umbertoboschi.it\/wp-content\/uploads\/2022\/05\/CavBoschi100_Aperitivo-59.jpg","width":2048,"height":1367},{"@type":"BreadcrumbList","@id":"https:\/\/umbertoboschi.it\/de\/news-de\/cav-umberto-boschi-feiert-sein-100-jaehriges-firmenjubilaeum\/#breadcrumb","itemListElement":[{"@type":"ListItem","position":1,"name":"Home","item":"https:\/\/umbertoboschi.it\/de\/"},{"@type":"ListItem","position":2,"name":"News-de","item":"https:\/\/umbertoboschi.it\/de\/category\/news-de\/"},{"@type":"ListItem","position":3,"name":"Cav. Umberto Boschi feiert sein 100-j\u00e4hriges Firmenjubil\u00e4um"}]},{"@type":"WebSite","@id":"https:\/\/umbertoboschi.it\/#website","url":"https:\/\/umbertoboschi.it\/","name":"Cavalier Umberto Boschi","description":"","publisher":{"@id":"https:\/\/umbertoboschi.it\/#organization"},"potentialAction":[{"@type":"SearchAction","target":{"@type":"EntryPoint","urlTemplate":"https:\/\/umbertoboschi.it\/?s={search_term_string}"},"query-input":{"@type":"PropertyValueSpecification","valueRequired":true,"valueName":"search_term_string"}}],"inLanguage":"de"},{"@type":"Organization","@id":"https:\/\/umbertoboschi.it\/#organization","name":"Cavalier Umberto Boschi","url":"https:\/\/umbertoboschi.it\/","logo":{"@type":"ImageObject","inLanguage":"de","@id":"https:\/\/umbertoboschi.it\/#\/schema\/logo\/image\/","url":"https:\/\/umbertoboschi.it\/wp-content\/uploads\/2021\/03\/logo_boschi_adapt.svg","contentUrl":"https:\/\/umbertoboschi.it\/wp-content\/uploads\/2021\/03\/logo_boschi_adapt.svg","width":98.88,"height":170.62,"caption":"Cavalier Umberto Boschi"},"image":{"@id":"https:\/\/umbertoboschi.it\/#\/schema\/logo\/image\/"}},{"@type":"Person","@id":"https:\/\/umbertoboschi.it\/#\/schema\/person\/3c7d1879bd59797b080223f0ebd87e82","name":"qreactive","image":{"@type":"ImageObject","inLanguage":"de","@id":"https:\/\/secure.gravatar.com\/avatar\/5543d51269e9d374e437e627f98677ff14e3f804146c4dae9b1b7c6dd857ff02?s=96&d=mm&r=g","url":"https:\/\/secure.gravatar.com\/avatar\/5543d51269e9d374e437e627f98677ff14e3f804146c4dae9b1b7c6dd857ff02?s=96&d=mm&r=g","contentUrl":"https:\/\/secure.gravatar.com\/avatar\/5543d51269e9d374e437e627f98677ff14e3f804146c4dae9b1b7c6dd857ff02?s=96&d=mm&r=g","caption":"qreactive"},"sameAs":["http:\/\/umbertoboschi.it"],"url":"https:\/\/umbertoboschi.it\/de\/author\/qreactive\/"}]}},"_links":{"self":[{"href":"https:\/\/umbertoboschi.it\/de\/wp-json\/wp\/v2\/posts\/10177","targetHints":{"allow":["GET"]}}],"collection":[{"href":"https:\/\/umbertoboschi.it\/de\/wp-json\/wp\/v2\/posts"}],"about":[{"href":"https:\/\/umbertoboschi.it\/de\/wp-json\/wp\/v2\/types\/post"}],"author":[{"embeddable":true,"href":"https:\/\/umbertoboschi.it\/de\/wp-json\/wp\/v2\/users\/1"}],"replies":[{"embeddable":true,"href":"https:\/\/umbertoboschi.it\/de\/wp-json\/wp\/v2\/comments?post=10177"}],"version-history":[{"count":11,"href":"https:\/\/umbertoboschi.it\/de\/wp-json\/wp\/v2\/posts\/10177\/revisions"}],"predecessor-version":[{"id":10676,"href":"https:\/\/umbertoboschi.it\/de\/wp-json\/wp\/v2\/posts\/10177\/revisions\/10676"}],"wp:featuredmedia":[{"embeddable":true,"href":"https:\/\/umbertoboschi.it\/de\/wp-json\/wp\/v2\/media\/8101"}],"wp:attachment":[{"href":"https:\/\/umbertoboschi.it\/de\/wp-json\/wp\/v2\/media?parent=10177"}],"wp:term":[{"taxonomy":"category","embeddable":true,"href":"https:\/\/umbertoboschi.it\/de\/wp-json\/wp\/v2\/categories?post=10177"},{"taxonomy":"post_tag","embeddable":true,"href":"https:\/\/umbertoboschi.it\/de\/wp-json\/wp\/v2\/tags?post=10177"}],"curies":[{"name":"wp","href":"https:\/\/api.w.org\/{rel}","templated":true}]}}